{"id":51348,"date":"2022-04-27T12:38:18","date_gmt":"2022-04-27T10:38:18","guid":{"rendered":"https:\/\/www.spring-reiter.de\/?p=51348"},"modified":"2022-04-27T12:38:21","modified_gmt":"2022-04-27T10:38:21","slug":"das-ist-otto-beckers-team-fuer-den-nationenpreis-in-la-baule","status":"publish","type":"post","link":"https:\/\/www.spring-reiter.de\/en\/index.php\/2022\/04\/27\/das-ist-otto-beckers-team-fuer-den-nationenpreis-in-la-baule\/","title":{"rendered":"Das ist Otto Beckers Team f\u00fcr den Nationenpreis in La Baule!"},"content":{"rendered":"\n<p>Es ist der erste Nationenpreis f\u00fcr die deutschen Springreiter in diesem Jahr: Im franz\u00f6sischen La Baule geht es auch um eine erste \u00dcberpr\u00fcfung der Form in Hinblick auf die WM in Herning im August. Der Bundestrainer der Springeiter Otto Becker hat spring-reiter.de jetzt sein Team f\u00fcr den Nationenpreis am Freitag, den 6. Mai an der franz\u00f6sischen Atlantikk\u00fcste verraten. Mit in La Baule dabei sind Daniel Deusser, Marcus Ehning, Hans-Dieter Dreher, Jana Wagers und Gerrit Nieberg. Max Weishaupt wird zus\u00e4tzlich als Einzelreiter mit von der Partie sein. <\/p>\n\n\n\n<p>Ein weiterer H\u00f6hepunkt des Turniers ist der Rolex Grand Prix am Sonntag. <\/p>\n\n\n\n<p>Alle Infos zum Turnier in La Baule: <a href=\"https:\/\/www.labaule-cheval.com\/en\/\">HIER <\/a><\/p>\n","protected":false},"excerpt":{"rendered":"<p>Es ist der erste Nationenpreis f\u00fcr die deutschen Springreiter in diesem Jahr: Im franz\u00f6sischen La Baule geht es auch um eine erste \u00dcberpr\u00fcfung der Form in Hinblick auf die WM in Herning im August. Der Bundestrainer der Springeiter Otto Becker hat spring-reiter.de jetzt sein Team f\u00fcr den Nationenpreis am Freitag, &hellip; <a class=\"kt-excerpt-readmore\" href=\"https:\/\/www.spring-reiter.de\/en\/index.php\/2022\/04\/27\/das-ist-otto-beckers-team-fuer-den-nationenpreis-in-la-baule\/\" aria-label=\"Das ist Otto Beckers Team f\u00fcr den Nationenpreis in La Baule!\">Read More<\/a><\/p>\n","protected":false},"author":2,"featured_media":50007,"comment_status":"closed","ping_status":"open","sticky":false,"template":"","format":"standard","meta":{"footnotes":""},"categories":[1],"tags":[],"class_list":["post-51348","post","type-post","status-publish","format-standard","has-post-thumbnail","hentry","category-allgemein"],"translation":{"provider":"WPGlobus","version":"3.0.2","language":"en","enabled_languages":["de","en"],"languages":{"de":{"title":true,"content":true,"excerpt":false},"en":{"title":false,"content":false,"excerpt":false}}},"_links":{"self":[{"href":"https:\/\/www.spring-reiter.de\/en\/index.php\/wp-json\/wp\/v2\/posts\/51348","targetHints":{"allow":["GET"]}}],"collection":[{"href":"https:\/\/www.spring-reiter.de\/en\/index.php\/wp-json\/wp\/v2\/posts"}],"about":[{"href":"https:\/\/www.spring-reiter.de\/en\/index.php\/wp-json\/wp\/v2\/types\/post"}],"author":[{"embeddable":true,"href":"https:\/\/www.spring-reiter.de\/en\/index.php\/wp-json\/wp\/v2\/users\/2"}],"replies":[{"embeddable":true,"href":"https:\/\/www.spring-reiter.de\/en\/index.php\/wp-json\/wp\/v2\/comments?post=51348"}],"version-history":[{"count":0,"href":"https:\/\/www.spring-reiter.de\/en\/index.php\/wp-json\/wp\/v2\/posts\/51348\/revisions"}],"wp:featuredmedia":[{"embeddable":true,"href":"https:\/\/www.spring-reiter.de\/en\/index.php\/wp-json\/wp\/v2\/media\/50007"}],"wp:attachment":[{"href":"https:\/\/www.spring-reiter.de\/en\/index.php\/wp-json\/wp\/v2\/media?parent=51348"}],"wp:term":[{"taxonomy":"category","embeddable":true,"href":"https:\/\/www.spring-reiter.de\/en\/index.php\/wp-json\/wp\/v2\/categories?post=51348"},{"taxonomy":"post_tag","embeddable":true,"href":"https:\/\/www.spring-reiter.de\/en\/index.php\/wp-json\/wp\/v2\/tags?post=51348"}],"curies":[{"name":"wp","href":"https:\/\/api.w.org\/{rel}","templated":true}]}}