{"id":51724,"date":"2022-05-11T11:43:40","date_gmt":"2022-05-11T09:43:40","guid":{"rendered":"https:\/\/www.spring-reiter.de\/?p=51724"},"modified":"2022-05-11T11:43:44","modified_gmt":"2022-05-11T09:43:44","slug":"von-madrid-ueber-redefin-bis-nach-windsor-wo-die-top-springreiter-diese-woche-starten","status":"publish","type":"post","link":"https:\/\/www.spring-reiter.de\/en\/index.php\/2022\/05\/11\/von-madrid-ueber-redefin-bis-nach-windsor-wo-die-top-springreiter-diese-woche-starten\/","title":{"rendered":"Von Madrid \u00fcber Redefin bis nach Windsor: Wo die Top-Springreiter diese Woche starten"},"content":{"rendered":"\n<p>Sie wird bei der n\u00e4chsten Etappe der Longines Global Champions Tour auf Punktejagd gehen: Katrin Eckermann ist mit ihrem ph\u00e4nomenalen Grand Prix Sieg in Miami der perfekte Auftakt in die neue LGCT Saison gelungen. Derzeit liegt die Amazone in der Gesamtwertung hinter dem F\u00fchrenden Ludger Beerbaum nach zwei Grand Prix Siegen (Doha und Mexiko), dem Iren Michael Duffy und dem Belgier Gilles Thomas derzeit auf Rang vier in der Gesamtwertung der Tour. Eine gute Ausgangsposition f\u00fcr die Etappe in Madrid, die am Freitag an den Start geht. Mit von der Partie in Spanien sind auch Christian Kukuk, Hans-Dieter Dreher, Marcus Ehning, Maurice Tebbel, Jens Baackmann, Laura Klaphake, Philipp Weishaupt und Tobias Meyer. <\/p>\n\n\n\n<p>Die Startliste f\u00fcr Madrid: <a href=\"https:\/\/www.gcglobalchampions.com\/en-us\/schedule\/2022\/madrid\/riders\">HIER <\/a><\/p>\n\n\n\n<p>Etwas l\u00e4ndlicher und beschaulicher wird es beim CSI3* Pferdefestival Redefin in Mecklenburg-Vorpommern zu gehen. Aber nat\u00fcrlich genauso sportlich. Daf\u00fcr garantiert schon der amtierende Europameister Andr\u00e9 Thieme, der hier in seiner Heimat nat\u00fcrlich an den Start geht. Mit von der Partie sind u.a. auch der Titelverteidiger aus dem letzten Jahr, Richard Vogel, Publikumsliebling Janne Friederike Meyer-Zimmermann, Marco Kutscher, Felix und Toni Ha\u00dfmann sowie Harm Lahde. <\/p>\n\n\n\n<p>Infos zu Redefin: <a href=\"https:\/\/pferdefestival-redefin.de\/\">HIER <\/a><\/p>\n\n\n\n<p>Im malerischen Windsor geht es bei der CSI5* Royal Windsor Horse Show zwar nicht nur ums Springreiten, aber nat\u00fcrlich auch. Ein Highlight ist der Rolex Grand Prix am Sonntag. Neben dem Olympia-Sieger Ben Maher treten hier u.a. auch Christian Ahlmann und Daniel Deusser gegeneinander an.  <\/p>\n\n\n\n<p>Infos zur Royal Windsor Horse Show:<a href=\"https:\/\/rwhs.co.uk\/\"> HIER <\/a><\/p>\n","protected":false},"excerpt":{"rendered":"<p>Sie wird bei der n\u00e4chsten Etappe der Longines Global Champions Tour auf Punktejagd gehen: Katrin Eckermann ist mit ihrem ph\u00e4nomenalen Grand Prix Sieg in Miami der perfekte Auftakt in die neue LGCT Saison gelungen. Derzeit liegt die Amazone in der Gesamtwertung hinter dem F\u00fchrenden Ludger Beerbaum nach zwei Grand Prix &hellip; <a class=\"kt-excerpt-readmore\" href=\"https:\/\/www.spring-reiter.de\/en\/index.php\/2022\/05\/11\/von-madrid-ueber-redefin-bis-nach-windsor-wo-die-top-springreiter-diese-woche-starten\/\" aria-label=\"Von Madrid \u00fcber Redefin bis nach Windsor: Wo die Top-Springreiter diese Woche starten\">Read More<\/a><\/p>\n","protected":false},"author":2,"featured_media":51727,"comment_status":"closed","ping_status":"open","sticky":false,"template":"","format":"standard","meta":{"footnotes":""},"categories":[1],"tags":[],"class_list":["post-51724","post","type-post","status-publish","format-standard","has-post-thumbnail","hentry","category-allgemein"],"translation":{"provider":"WPGlobus","version":"3.0.2","language":"en","enabled_languages":["de","en"],"languages":{"de":{"title":true,"content":true,"excerpt":false},"en":{"title":false,"content":false,"excerpt":false}}},"_links":{"self":[{"href":"https:\/\/www.spring-reiter.de\/en\/index.php\/wp-json\/wp\/v2\/posts\/51724","targetHints":{"allow":["GET"]}}],"collection":[{"href":"https:\/\/www.spring-reiter.de\/en\/index.php\/wp-json\/wp\/v2\/posts"}],"about":[{"href":"https:\/\/www.spring-reiter.de\/en\/index.php\/wp-json\/wp\/v2\/types\/post"}],"author":[{"embeddable":true,"href":"https:\/\/www.spring-reiter.de\/en\/index.php\/wp-json\/wp\/v2\/users\/2"}],"replies":[{"embeddable":true,"href":"https:\/\/www.spring-reiter.de\/en\/index.php\/wp-json\/wp\/v2\/comments?post=51724"}],"version-history":[{"count":0,"href":"https:\/\/www.spring-reiter.de\/en\/index.php\/wp-json\/wp\/v2\/posts\/51724\/revisions"}],"wp:featuredmedia":[{"embeddable":true,"href":"https:\/\/www.spring-reiter.de\/en\/index.php\/wp-json\/wp\/v2\/media\/51727"}],"wp:attachment":[{"href":"https:\/\/www.spring-reiter.de\/en\/index.php\/wp-json\/wp\/v2\/media?parent=51724"}],"wp:term":[{"taxonomy":"category","embeddable":true,"href":"https:\/\/www.spring-reiter.de\/en\/index.php\/wp-json\/wp\/v2\/categories?post=51724"},{"taxonomy":"post_tag","embeddable":true,"href":"https:\/\/www.spring-reiter.de\/en\/index.php\/wp-json\/wp\/v2\/tags?post=51724"}],"curies":[{"name":"wp","href":"https:\/\/api.w.org\/{rel}","templated":true}]}}