{"id":52039,"date":"2022-05-20T14:04:53","date_gmt":"2022-05-20T12:04:53","guid":{"rendered":"https:\/\/www.spring-reiter.de\/?p=52039"},"modified":"2022-05-20T14:04:57","modified_gmt":"2022-05-20T12:04:57","slug":"geschwister-ahlmann-in-gross-viegeln-am-liebsten-mit-papa","status":"publish","type":"post","link":"https:\/\/www.spring-reiter.de\/en\/index.php\/2022\/05\/20\/geschwister-ahlmann-in-gross-viegeln-am-liebsten-mit-papa\/","title":{"rendered":"Geschwister Ahlmann in Gro\u00df Viegeln: \u201eAm liebsten mit Papa!\u201c"},"content":{"rendered":"\n<p>Sieben Pferde, ein Geschwisterpaar und ein Vater \u2013 die \u201aAhlm\u00e4nner\u2018 und die DKB Pferdewoche in Gro\u00df Viegeln schreiben ihre eigene Geschichte.<\/p>\n\n\n\n<p>\u201eHier bin ich 2019 mein erstes 1,60-Meter-Springen geritten.\u201c Damals war Hannes Ahlmann 18 Jahre jung, jetzt ist er 21 und in diesem Jahr mit f\u00fcnf Pferden aus Schleswig-Holstein zum CSI4* gereist. Pheline, die zwei Jahre \u00e4ltere Schwester von Hannes, hat zwei Pferde dabei, geht in Deutschlands U25 Springpokal an den Start und ist aus Tschechien angefahren. In Gro\u00df Viegeln trifft sich die Familie samt Vater und Trainer Dirk Ahlmann \u2013 hat sehr viel Spa\u00df und genie\u00dft.<br><br>Pheline reitet zwei Jahren in einem Privatstall n\u00f6rdlich von Prag, nebenher studiert sie im Fernstudium \u201aInternational Management\u2018. \u201eDas mache ich aber nur so zum Spa\u00df, als Ausgleich f\u00fcr den Kopf, am allerliebsten will ich reiten.\u201c Ende des Jahres geht sie zur\u00fcck nach Hause. \u201eIch freue mich auf meine Familie und das Training und die Turniere mit Papa. Er kann einem mentale Sicherheit geben, schon beim Abreiten.\u201c<\/p>\n\n\n\n<p>Hannes hat eine Lehre als Gro\u00df- und Au\u00dfenhandelskaufmann gemacht, aber f\u00fcr ihn steht fest: \u201eIch m\u00f6chte gerne mal den Hof \u00fcbernehmen. Reiten ist das, was ich machen will.\u201c Und auch er, der schon f\u00fcnfmal bei Nachwuchs-Europameisterschaften am Start und 2015 Europameister bei den Junioren war, betont: \u201eBei Kindern und V\u00e4tern gibt es ja schon mal Reibungspunkte, wenn die zusammen trainieren. Und Trainer sprechen nat\u00fcrlich die Punkte an, die man nicht so gut kann. Das h\u00f6rt man oft nicht so gerne. Aber Papa hat ein sehr gutes Gesp\u00fcr daf\u00fcr, wann er den Finger in die Wunde legen kann und wann er uns \u201apushen\u2018 muss.\u201c<br><br>In Gro\u00df Viegeln \u2013 so scheint es \u2013 braucht Vater Dirk keinen der beiden zu \u201apushen\u2018. Die beiden sind \u201aan\u2018 und verfolgen ihre Ziele.<br><br>\u201eEs ist f\u00fcr uns j\u00fcngere Reiter wirklich schwierig, Startpl\u00e4tze zu bekommen. Ich sch\u00e4tze Holger sehr, dass er uns die Chance gibt!\u201c, betont Hannes. Viermal seit seiner Premiere 2019 war er bei 1,60-Meter-Springen am Start und hofft, dass er sich f\u00fcr den Gro\u00dfen Preis der Deutschen Kreditbank AG am Sonntag qualifiziert. \u201eIch habe zwei Pferde f\u00fcr die gro\u00dfe Tour dabei: Mein alter Hase Nerrado, der schon einen 1,55-Meter-Gro\u00dfen Preis gewonnen hat, und den erst neunj\u00e4hrigen Baloucan, der aber schon zweimal 1,60-Meter-Springen gegangen ist. Der ist richtig gut in Gang.\u201c Mit Tokyo und Zalando Royal hat er au\u00dferdem in den ersten zwei Turniertagen schon flei\u00dfig Schleifen in der Youngster-Tour gesammelt, Carlton war im Zwei-Sterne-Springen erfolgreich. Bisher l\u00e4uft es in Gro\u00df Viegeln f\u00fcr den 21-J\u00e4hrigen\u2026<br><br>Gerade weil die J\u00fcngeren Hausherr Holger Wulschner so am Herzen liegen, freut er sich umso mehr, dass in diesem Jahr erstmals Deutschlands U25 Springpokal der Stiftung Deutscher Spitzenpferdesport und der Familie M\u00fcter in Gro\u00df Viegeln Station macht. Hannes hat den Sprung ins Finale der Serie 2021 verpasst, in diesem Jahr strebt Schwester Pheline das Finale in Aachen an. \u201eIch habe Abby und Dialo f\u00fcr die U25-Tour dabei. Abby hat vergangenes Wochenende schon den U25-Grand Prix in Samorin gewonnen und Dialo reite ich seitdem er sieben ist\u201c, erz\u00e4hlt Pheline und erg\u00e4nzt schmunzelnd: \u201eDen habe ich Hannes abgeluchst.\u201c Die Geschichte dahinter: \u201ePheline wollte zur Deutschen Jugendmeisterschaft und hatte kein Pferd, ich hatte zwei, also habe ich ihr eins abgegeben\u201c, erkl\u00e4rt Hannes. \u201eUnd ich habe ihn einfach nicht wieder zur\u00fcckgegeben\u201c, lacht Pheline.<\/p>\n\n\n\n<p>Am Freitagabend gehen die U25-Reiter bei ihrer ersten Pr\u00fcfung in Gro\u00df Viegeln an den Start, Samstagabend folgt die zweite Pr\u00fcfung und Sonntagmittag die Finalpr\u00fcfung. Nach dem speziellen Springpokal-System sammeln sie w\u00e4hrend der Turniertage Punkte, die am Ende f\u00fcnf Punktbesten von Gro\u00df Viegeln haben ihre Tickets f\u00fcr das Finale in Aachen gel\u00f6st.<br>(KiK\/pe&amp;pa)<br><br><strong>Geschwisterliche Zitate-Kiste am Rande der DKB Pferdewoche:<\/strong><br><br><strong>Pheline \u00fcber Hannes:<\/strong><br>\u201eHannes ist ein ruhiger und ausgeglichener Mensch, den kann man nicht so schnell stressen. Das ist nicht immer einfach, weil ich oft denke: Warum macht der jetzt nicht mal schneller. (lacht) Aber ich kann mich immer auf ihn verlassen!\u201c<br><br><strong>Hannes \u00fcber Pheline:<\/strong><br>\u201eDas Positive an Pheline ist f\u00fcr mich manchmal negativ (lacht total). Sie ist sehr organisiert und strukturiert, ich lasse die Dinge eher auf mich zukommen. Dann f\u00e4llt schon h\u00e4ufiger mal der Satz: \u201aMach das mal so wie Pheline\u2018. Aber wir verstehen uns sehr gut, tauschen uns viel \u00fcbers Reiten aus und helfen uns gegenseitig.\u201c<\/p>\n","protected":false},"excerpt":{"rendered":"<p>Sieben Pferde, ein Geschwisterpaar und ein Vater \u2013 die \u201aAhlm\u00e4nner\u2018 und die DKB Pferdewoche in Gro\u00df Viegeln schreiben ihre eigene Geschichte. \u201eHier bin ich 2019 mein erstes 1,60-Meter-Springen geritten.\u201c Damals war Hannes Ahlmann 18 Jahre jung, jetzt ist er 21 und in diesem Jahr mit f\u00fcnf Pferden aus Schleswig-Holstein zum &hellip; <a class=\"kt-excerpt-readmore\" href=\"https:\/\/www.spring-reiter.de\/en\/index.php\/2022\/05\/20\/geschwister-ahlmann-in-gross-viegeln-am-liebsten-mit-papa\/\" aria-label=\"Geschwister Ahlmann in Gro\u00df Viegeln: \u201eAm liebsten mit Papa!\u201c\">Read More<\/a><\/p>\n","protected":false},"author":3,"featured_media":52040,"comment_status":"closed","ping_status":"open","sticky":false,"template":"","format":"standard","meta":{"footnotes":""},"categories":[1],"tags":[],"class_list":["post-52039","post","type-post","status-publish","format-standard","has-post-thumbnail","hentry","category-allgemein"],"translation":{"provider":"WPGlobus","version":"3.0.2","language":"en","enabled_languages":["de","en"],"languages":{"de":{"title":true,"content":true,"excerpt":false},"en":{"title":false,"content":false,"excerpt":false}}},"_links":{"self":[{"href":"https:\/\/www.spring-reiter.de\/en\/index.php\/wp-json\/wp\/v2\/posts\/52039","targetHints":{"allow":["GET"]}}],"collection":[{"href":"https:\/\/www.spring-reiter.de\/en\/index.php\/wp-json\/wp\/v2\/posts"}],"about":[{"href":"https:\/\/www.spring-reiter.de\/en\/index.php\/wp-json\/wp\/v2\/types\/post"}],"author":[{"embeddable":true,"href":"https:\/\/www.spring-reiter.de\/en\/index.php\/wp-json\/wp\/v2\/users\/3"}],"replies":[{"embeddable":true,"href":"https:\/\/www.spring-reiter.de\/en\/index.php\/wp-json\/wp\/v2\/comments?post=52039"}],"version-history":[{"count":0,"href":"https:\/\/www.spring-reiter.de\/en\/index.php\/wp-json\/wp\/v2\/posts\/52039\/revisions"}],"wp:featuredmedia":[{"embeddable":true,"href":"https:\/\/www.spring-reiter.de\/en\/index.php\/wp-json\/wp\/v2\/media\/52040"}],"wp:attachment":[{"href":"https:\/\/www.spring-reiter.de\/en\/index.php\/wp-json\/wp\/v2\/media?parent=52039"}],"wp:term":[{"taxonomy":"category","embeddable":true,"href":"https:\/\/www.spring-reiter.de\/en\/index.php\/wp-json\/wp\/v2\/categories?post=52039"},{"taxonomy":"post_tag","embeddable":true,"href":"https:\/\/www.spring-reiter.de\/en\/index.php\/wp-json\/wp\/v2\/tags?post=52039"}],"curies":[{"name":"wp","href":"https:\/\/api.w.org\/{rel}","templated":true}]}}