{"id":52074,"date":"2022-05-21T22:40:00","date_gmt":"2022-05-21T20:40:00","guid":{"rendered":"https:\/\/www.spring-reiter.de\/?p=52074"},"modified":"2022-05-21T22:40:03","modified_gmt":"2022-05-21T20:40:03","slug":"pheline-ahlmann-nach-sieg-im-u25-pokal-heute-war-unser-tag","status":"publish","type":"post","link":"https:\/\/www.spring-reiter.de\/en\/index.php\/2022\/05\/21\/pheline-ahlmann-nach-sieg-im-u25-pokal-heute-war-unser-tag\/","title":{"rendered":"Pheline Ahlmann nach Sieg im U25 Pokal: \u201eHeute war unser Tag!\u201c"},"content":{"rendered":"\n<p><br>Ger\u00f6tete Wangen, strahlende Augen, etwas au\u00dfer Puste \u2013 Pheline Ahlmann ist fassungslos. \u201eHeute war unser Tag!\u201c Wenige Stunden zuvor hatte sich ihr Bruder Hannes den Sieg in einem Weltranglisten-Springen in Gro\u00df Viegeln gesichert, jetzt war sie dran. Die DKB Pferdewoche ist in diesem Jahr die dritte von vier Stationen des U25 Springpokals der Stiftung Deutscher Spitzenpferdesport und der Familie M\u00fcter. Und Samstag war Ahlmann-Tag!<br><br>Die Dramaturgie war sportlich genial: Pheline Ahlmann lag mit Abby in F\u00fchrung, da dr\u00e4ngelt sich ihr langj\u00e4hriger Kumpel Robin Naeve auf Casalia vor. \u201eAls Robin dann sechs Hundertstelsekunden schneller war \u2013 das hat schon noch mal zus\u00e4tzlich motiviert\u201c, grinst die 23-J\u00e4hrige. Bis sie als letzte Reiterin mit ihrem langj\u00e4hrigen Partner Dialo einritt, hatte sich dann auch noch Franziska M\u00fcller an die Spitze gesetzt, aber\u2026 \u201eDialo ist sehr grundschnell, mir sind die Linien alle gut gelungen und ich konnte Dialo einfach in seinem Rhythmus ziehen lassen.\u201c Vater Dirk hat gecoacht, Bruder Hannes beim schnellen Tausch der Pferde geholfen. Sieg 58,30 Sekunden \u2013 satte 1,25 Sekunden vor der Zweitplatzierten. \u201eDas ist schon ein besonderes Gef\u00fchl, sich hier so mit zwei Pferden gegen viele von Deutschlands besten U25-Reiter zu schlagen. Das freut mich und macht mich stolz, aber ich wei\u00df auch, dass morgen alles von vorne anf\u00e4ngt.\u201c<br><br>Morgen treten die U25-Reiter am Mittag in ihrer Finalpr\u00fcfung gegeneinander in Gro\u00df Viegeln an. Danach stehen die n\u00e4chsten f\u00fcnf Reiter-Pferd-Paare fest, die zum Springpokal-Finale in Aachen d\u00fcrfen.<br><br><\/p>\n","protected":false},"excerpt":{"rendered":"<p>Ger\u00f6tete Wangen, strahlende Augen, etwas au\u00dfer Puste \u2013 Pheline Ahlmann ist fassungslos. \u201eHeute war unser Tag!\u201c Wenige Stunden zuvor hatte sich ihr Bruder Hannes den Sieg in einem Weltranglisten-Springen in Gro\u00df Viegeln gesichert, jetzt war sie dran. Die DKB Pferdewoche ist in diesem Jahr die dritte von vier Stationen des &hellip; <a class=\"kt-excerpt-readmore\" href=\"https:\/\/www.spring-reiter.de\/en\/index.php\/2022\/05\/21\/pheline-ahlmann-nach-sieg-im-u25-pokal-heute-war-unser-tag\/\" aria-label=\"Pheline Ahlmann nach Sieg im U25 Pokal: \u201eHeute war unser Tag!\u201c\">Read More<\/a><\/p>\n","protected":false},"author":2,"featured_media":52076,"comment_status":"closed","ping_status":"open","sticky":false,"template":"","format":"standard","meta":{"footnotes":""},"categories":[1],"tags":[],"class_list":["post-52074","post","type-post","status-publish","format-standard","has-post-thumbnail","hentry","category-allgemein"],"translation":{"provider":"WPGlobus","version":"3.0.2","language":"en","enabled_languages":["de","en"],"languages":{"de":{"title":true,"content":true,"excerpt":false},"en":{"title":false,"content":false,"excerpt":false}}},"_links":{"self":[{"href":"https:\/\/www.spring-reiter.de\/en\/index.php\/wp-json\/wp\/v2\/posts\/52074","targetHints":{"allow":["GET"]}}],"collection":[{"href":"https:\/\/www.spring-reiter.de\/en\/index.php\/wp-json\/wp\/v2\/posts"}],"about":[{"href":"https:\/\/www.spring-reiter.de\/en\/index.php\/wp-json\/wp\/v2\/types\/post"}],"author":[{"embeddable":true,"href":"https:\/\/www.spring-reiter.de\/en\/index.php\/wp-json\/wp\/v2\/users\/2"}],"replies":[{"embeddable":true,"href":"https:\/\/www.spring-reiter.de\/en\/index.php\/wp-json\/wp\/v2\/comments?post=52074"}],"version-history":[{"count":0,"href":"https:\/\/www.spring-reiter.de\/en\/index.php\/wp-json\/wp\/v2\/posts\/52074\/revisions"}],"wp:featuredmedia":[{"embeddable":true,"href":"https:\/\/www.spring-reiter.de\/en\/index.php\/wp-json\/wp\/v2\/media\/52076"}],"wp:attachment":[{"href":"https:\/\/www.spring-reiter.de\/en\/index.php\/wp-json\/wp\/v2\/media?parent=52074"}],"wp:term":[{"taxonomy":"category","embeddable":true,"href":"https:\/\/www.spring-reiter.de\/en\/index.php\/wp-json\/wp\/v2\/categories?post=52074"},{"taxonomy":"post_tag","embeddable":true,"href":"https:\/\/www.spring-reiter.de\/en\/index.php\/wp-json\/wp\/v2\/tags?post=52074"}],"curies":[{"name":"wp","href":"https:\/\/api.w.org\/{rel}","templated":true}]}}