{"id":52302,"date":"2022-05-27T15:33:14","date_gmt":"2022-05-27T13:33:14","guid":{"rendered":"https:\/\/www.spring-reiter.de\/?p=52302"},"modified":"2022-05-27T15:42:34","modified_gmt":"2022-05-27T13:42:34","slug":"baby-news-caro-und-patrick-stuehlmeyer-werden-eltern","status":"publish","type":"post","link":"https:\/\/www.spring-reiter.de\/en\/index.php\/2022\/05\/27\/baby-news-caro-und-patrick-stuehlmeyer-werden-eltern\/","title":{"rendered":"Baby-News: Caro und Patrick St\u00fchlmeyer werden Eltern"},"content":{"rendered":"\n<p>Noch kann sie den kleinen Baby-Bauch gut kaschieren: Caroline St\u00fchlmeyer-Wilm strahlt mit ihrem Mann Patrick St\u00fchlmeyer um die Wette. Dazu hat das Paar auch allen Grund: Ende August werden die beiden zum ersten Mal Eltern. &#8220;Dann kommt Patrick Junior&#8221; zur Welt&#8221;, verr\u00e4t Caro St\u00fchlmeyer-Wilm am Rande des Deutschen Dressur- und Spring-Derbys gegen\u00fcber spring-reiter.de. Einen Namen f\u00fcr den Nachwuchs haben die beiden auch schon, aber der wird noch nicht verraten. &#8220;Das wissen nicht mal meine Eltern&#8221;, lacht Caro. <\/p>\n\n\n\n<p>Und Patrick freut sich: &#8220;Dann k\u00f6nnen wir endlich zu dritt aufs Turnier.&#8221; Wie das gut klappt, hat sich der werdende Vater in spe schon mal bei Christoph Zimmermann, dem Mann von Janne Friederike Meyer-Zimmermann, angesehen. &#8220;Da habe ich mir schon etwas abgeschaut. Christoph ist ja auch immer mit Sohn Friedrich auf den Turnieren dabei&#8221;, lacht Patrick St\u00fchlmeyer.  Noch sitzt auch Caro St\u00fchlmeyer-Wilm, die im Marketing bei Schockem\u00f6hle Sports arbeitet,  im Sattel. &#8220;Mir geht es in der ganzen Schwangerschaft bisher super&#8221;, freut sich Caro. <\/p>\n\n\n\n<p>F\u00fcr Patrick St\u00fchlmeyer wird es auf jeden Fall &#8220;ein aufregendes Jahr&#8221;. Der 32j\u00e4hrige rechnet sich mit seiner in Top-Form springenden Carmina Chancen f\u00fcr die Weltmeisterschat in Herning aus, will vorher noch beinm CHIO Aachen an den Start gehen. &#8220;Das w\u00fcrde super in den Kalender passen, Herning ist Anfang August, und die Geburt unseres Sohnes am Ende&#8221;, erz\u00e4hlt der amtierende Rider of the Year.<\/p>\n\n\n\n<p>spring-reiter.de dr\u00fcckt den werdenden Eltern ganz fest die Daumen!  <\/p>\n","protected":false},"excerpt":{"rendered":"<p>Noch kann sie den kleinen Baby-Bauch gut kaschieren: Caroline St\u00fchlmeyer-Wilm strahlt mit ihrem Mann Patrick St\u00fchlmeyer um die Wette. Dazu hat das Paar auch allen Grund: Ende August werden die beiden zum ersten Mal Eltern. &#8220;Dann kommt Patrick Junior&#8221; zur Welt&#8221;, verr\u00e4t Caro St\u00fchlmeyer-Wilm am Rande des Deutschen Dressur- und &hellip; <a class=\"kt-excerpt-readmore\" href=\"https:\/\/www.spring-reiter.de\/en\/index.php\/2022\/05\/27\/baby-news-caro-und-patrick-stuehlmeyer-werden-eltern\/\" aria-label=\"Baby-News: Caro und Patrick St\u00fchlmeyer werden Eltern\">Read More<\/a><\/p>\n","protected":false},"author":2,"featured_media":52304,"comment_status":"closed","ping_status":"open","sticky":false,"template":"","format":"standard","meta":{"footnotes":""},"categories":[1],"tags":[],"class_list":["post-52302","post","type-post","status-publish","format-standard","has-post-thumbnail","hentry","category-allgemein"],"translation":{"provider":"WPGlobus","version":"3.0.2","language":"en","enabled_languages":["de","en"],"languages":{"de":{"title":true,"content":true,"excerpt":false},"en":{"title":false,"content":false,"excerpt":false}}},"_links":{"self":[{"href":"https:\/\/www.spring-reiter.de\/en\/index.php\/wp-json\/wp\/v2\/posts\/52302","targetHints":{"allow":["GET"]}}],"collection":[{"href":"https:\/\/www.spring-reiter.de\/en\/index.php\/wp-json\/wp\/v2\/posts"}],"about":[{"href":"https:\/\/www.spring-reiter.de\/en\/index.php\/wp-json\/wp\/v2\/types\/post"}],"author":[{"embeddable":true,"href":"https:\/\/www.spring-reiter.de\/en\/index.php\/wp-json\/wp\/v2\/users\/2"}],"replies":[{"embeddable":true,"href":"https:\/\/www.spring-reiter.de\/en\/index.php\/wp-json\/wp\/v2\/comments?post=52302"}],"version-history":[{"count":0,"href":"https:\/\/www.spring-reiter.de\/en\/index.php\/wp-json\/wp\/v2\/posts\/52302\/revisions"}],"wp:featuredmedia":[{"embeddable":true,"href":"https:\/\/www.spring-reiter.de\/en\/index.php\/wp-json\/wp\/v2\/media\/52304"}],"wp:attachment":[{"href":"https:\/\/www.spring-reiter.de\/en\/index.php\/wp-json\/wp\/v2\/media?parent=52302"}],"wp:term":[{"taxonomy":"category","embeddable":true,"href":"https:\/\/www.spring-reiter.de\/en\/index.php\/wp-json\/wp\/v2\/categories?post=52302"},{"taxonomy":"post_tag","embeddable":true,"href":"https:\/\/www.spring-reiter.de\/en\/index.php\/wp-json\/wp\/v2\/tags?post=52302"}],"curies":[{"name":"wp","href":"https:\/\/api.w.org\/{rel}","templated":true}]}}