{"id":52454,"date":"2022-05-30T17:53:46","date_gmt":"2022-05-30T15:53:46","guid":{"rendered":"https:\/\/www.spring-reiter.de\/?p=52454"},"modified":"2022-06-02T13:41:59","modified_gmt":"2022-06-02T11:41:59","slug":"letzte-qualifikation-im-u25-springpokal-das-sind-die-starter-in-balve","status":"publish","type":"post","link":"https:\/\/www.spring-reiter.de\/en\/index.php\/2022\/05\/30\/letzte-qualifikation-im-u25-springpokal-das-sind-die-starter-in-balve\/","title":{"rendered":"Letzte Qualifikation im U25 Springpokal: Das sind die Starter in Balve"},"content":{"rendered":"\n<p> Die vierte und damit letzte Qualifikation von Deutschlands U25 Springpokal der Stiftung Deutscher Spitzenpferdesport und der Familie steht an, und das vor gro\u00dfer Kulisse: Im Rahmen der Deutschen Meisterschaften beim Longines Balve Optimum k\u00f6nnen sich die f\u00fcnf besten Talente bis 25 Jahre ihr&nbsp;Ticket f\u00fcr das Finale beim CHIO Aachen sichern.&nbsp;<\/p>\n\n\n\n<p>Deutschlands U25 Springpokal wird erm\u00f6glicht durch die Stiftung Deutscher Spitzenpferdesport und der Familie M\u00fcter, und gibt Springreiterinnen und \u2013reitern bis 25 Jahre Gelegenheit, auf Topturnieren weitere Erfahrung im Spitzensport zu sammeln. Geritten werden Pr\u00fcfungen der Klasse S** und S***.<\/p>\n\n\n\n<p>18 Talente d\u00fcrfen bei der letzten Qualifikationsstation der Turnierserie im Rahmen der Deutschen Meisterschaften beim Longines Balve Optimum starten. Es stehen drei Pr\u00fcfungen an: Die Einlaufpr\u00fcfung, sowie die erste Wertung und die Finalqualifikation. Die besten f\u00fcnf Paare der ersten und zweiten Wertung sichern sich ein Ticket f\u00fcr das Finale des Springpokals beim CHIO Aachen.<\/p>\n\n\n\n<p>Diese Reiter haben ein Ticket f\u00fcr Balve:<br>Vivien Blandfort, Niels Carstensen, Riana Eisenmenger, Antonia Ercken, Anna-Maria Grimm, Ulrich Hensel , Philipp Hermelbracht, Laura Hinkmann, Emilia L\u00f6ser, Chiara Mecke, Franziska M\u00fcller, Zoe Osterhoff, Hannah Schleef, Frederike Schulte, Jaqueline Seewald-Weil, Alicia von Daniels, Lucas Wenz, Cedric Wolf.  <em>(fn-press)<\/em><\/p>\n","protected":false},"excerpt":{"rendered":"<p>Die vierte und damit letzte Qualifikation von Deutschlands U25 Springpokal der Stiftung Deutscher Spitzenpferdesport und der Familie steht an, und das vor gro\u00dfer Kulisse: Im Rahmen der Deutschen Meisterschaften beim Longines Balve Optimum k\u00f6nnen sich die f\u00fcnf besten Talente bis 25 Jahre ihr&nbsp;Ticket f\u00fcr das Finale beim CHIO Aachen sichern.&nbsp; &hellip; <a class=\"kt-excerpt-readmore\" href=\"https:\/\/www.spring-reiter.de\/en\/index.php\/2022\/05\/30\/letzte-qualifikation-im-u25-springpokal-das-sind-die-starter-in-balve\/\" aria-label=\"Letzte Qualifikation im U25 Springpokal: Das sind die Starter in Balve\">Read More<\/a><\/p>\n","protected":false},"author":3,"featured_media":52564,"comment_status":"closed","ping_status":"open","sticky":false,"template":"","format":"standard","meta":{"footnotes":""},"categories":[1],"tags":[],"class_list":["post-52454","post","type-post","status-publish","format-standard","has-post-thumbnail","hentry","category-allgemein"],"translation":{"provider":"WPGlobus","version":"3.0.2","language":"en","enabled_languages":["de","en"],"languages":{"de":{"title":true,"content":true,"excerpt":false},"en":{"title":false,"content":false,"excerpt":false}}},"_links":{"self":[{"href":"https:\/\/www.spring-reiter.de\/en\/index.php\/wp-json\/wp\/v2\/posts\/52454","targetHints":{"allow":["GET"]}}],"collection":[{"href":"https:\/\/www.spring-reiter.de\/en\/index.php\/wp-json\/wp\/v2\/posts"}],"about":[{"href":"https:\/\/www.spring-reiter.de\/en\/index.php\/wp-json\/wp\/v2\/types\/post"}],"author":[{"embeddable":true,"href":"https:\/\/www.spring-reiter.de\/en\/index.php\/wp-json\/wp\/v2\/users\/3"}],"replies":[{"embeddable":true,"href":"https:\/\/www.spring-reiter.de\/en\/index.php\/wp-json\/wp\/v2\/comments?post=52454"}],"version-history":[{"count":0,"href":"https:\/\/www.spring-reiter.de\/en\/index.php\/wp-json\/wp\/v2\/posts\/52454\/revisions"}],"wp:featuredmedia":[{"embeddable":true,"href":"https:\/\/www.spring-reiter.de\/en\/index.php\/wp-json\/wp\/v2\/media\/52564"}],"wp:attachment":[{"href":"https:\/\/www.spring-reiter.de\/en\/index.php\/wp-json\/wp\/v2\/media?parent=52454"}],"wp:term":[{"taxonomy":"category","embeddable":true,"href":"https:\/\/www.spring-reiter.de\/en\/index.php\/wp-json\/wp\/v2\/categories?post=52454"},{"taxonomy":"post_tag","embeddable":true,"href":"https:\/\/www.spring-reiter.de\/en\/index.php\/wp-json\/wp\/v2\/tags?post=52454"}],"curies":[{"name":"wp","href":"https:\/\/api.w.org\/{rel}","templated":true}]}}