{"id":53248,"date":"2022-06-19T13:19:06","date_gmt":"2022-06-19T11:19:06","guid":{"rendered":"https:\/\/www.spring-reiter.de\/?p=53248"},"modified":"2022-06-19T13:19:09","modified_gmt":"2022-06-19T11:19:09","slug":"otto-becker-benennt-team-fuer-nationenpreis-beim-chio-rotterdam","status":"publish","type":"post","link":"https:\/\/www.spring-reiter.de\/en\/index.php\/2022\/06\/19\/otto-becker-benennt-team-fuer-nationenpreis-beim-chio-rotterdam\/","title":{"rendered":"Otto Becker benennt Team f\u00fcr Nationenpreis beim CHIO Rotterdam"},"content":{"rendered":"\n<p>Es ist erst eine Woche her, dass Team Germany mit Janne Friederike Meyer-Zimmermann, Christian Kukuk, Philipp Weishaupt und Andr\u00e9 Thieme souver\u00e4n den Sieg im Nationenpreis im polnischen Sopot feierte. Am kommenden Freitag um 16 Uhr geht es  f\u00fcr Deutschland beim CHIO Rotterdam nun in die n\u00e4chste Nationenpreis-Runde in der Europe Division 1. <\/p>\n\n\n\n<p>Seine Mannschaft f\u00fcr Rotterdam hat Bundestrainer Otto Becker jetzt spring-reiter.de verraten: Die deutschen Farben werden in diesem Jahr in den Niederlanden von Hans-Dieter Dreher, Katrin Eckermann, Marcus Ehning, Marcel Marschall und Gerrit Nieberg vertreten. Marcus Ehning geh\u00f6rte mit A la Carte NRW  (v. Abke) auch im letzten Jahr zum Team, zusammen mit Daniel Deusser und Killer Queen VDM (Eldorado vd Zeshoek), David Will und C Vier (v. Cardento) sowie Christian Kukuk auf Checker (v. Comme Il Faut). Damals gab es einen Heimsieg f\u00fcr die Niederlande, Otto Beckers Mannschaft belegte Platz vier. <\/p>\n\n\n\n<p>Nach zwei Stationen in St. Gallen (Platz 4) und in Sopot (Platz 1) rangiert Deutschland in der Gesamtwertung der Europe Division 1 mit derzeit 170 Punkten auf Platz zwei hinter der Schweiz (Platz 1 und Platz 3) mit 180 Punkten. <\/p>\n","protected":false},"excerpt":{"rendered":"<p>Es ist erst eine Woche her, dass Team Germany mit Janne Friederike Meyer-Zimmermann, Christian Kukuk, Philipp Weishaupt und Andr\u00e9 Thieme souver\u00e4n den Sieg im Nationenpreis im polnischen Sopot feierte. Am kommenden Freitag um 16 Uhr geht es f\u00fcr Deutschland beim CHIO Rotterdam nun in die n\u00e4chste Nationenpreis-Runde in der Europe &hellip; <a class=\"kt-excerpt-readmore\" href=\"https:\/\/www.spring-reiter.de\/en\/index.php\/2022\/06\/19\/otto-becker-benennt-team-fuer-nationenpreis-beim-chio-rotterdam\/\" aria-label=\"Otto Becker benennt Team f\u00fcr Nationenpreis beim CHIO Rotterdam\">Read More<\/a><\/p>\n","protected":false},"author":2,"featured_media":43291,"comment_status":"closed","ping_status":"open","sticky":false,"template":"","format":"standard","meta":{"footnotes":""},"categories":[1],"tags":[],"class_list":["post-53248","post","type-post","status-publish","format-standard","has-post-thumbnail","hentry","category-allgemein"],"translation":{"provider":"WPGlobus","version":"3.0.2","language":"en","enabled_languages":["de","en"],"languages":{"de":{"title":true,"content":true,"excerpt":false},"en":{"title":false,"content":false,"excerpt":false}}},"_links":{"self":[{"href":"https:\/\/www.spring-reiter.de\/en\/index.php\/wp-json\/wp\/v2\/posts\/53248","targetHints":{"allow":["GET"]}}],"collection":[{"href":"https:\/\/www.spring-reiter.de\/en\/index.php\/wp-json\/wp\/v2\/posts"}],"about":[{"href":"https:\/\/www.spring-reiter.de\/en\/index.php\/wp-json\/wp\/v2\/types\/post"}],"author":[{"embeddable":true,"href":"https:\/\/www.spring-reiter.de\/en\/index.php\/wp-json\/wp\/v2\/users\/2"}],"replies":[{"embeddable":true,"href":"https:\/\/www.spring-reiter.de\/en\/index.php\/wp-json\/wp\/v2\/comments?post=53248"}],"version-history":[{"count":0,"href":"https:\/\/www.spring-reiter.de\/en\/index.php\/wp-json\/wp\/v2\/posts\/53248\/revisions"}],"wp:featuredmedia":[{"embeddable":true,"href":"https:\/\/www.spring-reiter.de\/en\/index.php\/wp-json\/wp\/v2\/media\/43291"}],"wp:attachment":[{"href":"https:\/\/www.spring-reiter.de\/en\/index.php\/wp-json\/wp\/v2\/media?parent=53248"}],"wp:term":[{"taxonomy":"category","embeddable":true,"href":"https:\/\/www.spring-reiter.de\/en\/index.php\/wp-json\/wp\/v2\/categories?post=53248"},{"taxonomy":"post_tag","embeddable":true,"href":"https:\/\/www.spring-reiter.de\/en\/index.php\/wp-json\/wp\/v2\/tags?post=53248"}],"curies":[{"name":"wp","href":"https:\/\/api.w.org\/{rel}","templated":true}]}}