{"id":54304,"date":"2022-07-17T18:26:13","date_gmt":"2022-07-17T16:26:13","guid":{"rendered":"https:\/\/www.spring-reiter.de\/?p=54304"},"modified":"2022-07-17T18:26:18","modified_gmt":"2022-07-17T16:26:18","slug":"neue-landesmeister-in-sieben-verbaenden-an-einem-wochenende-gekuert","status":"publish","type":"post","link":"https:\/\/www.spring-reiter.de\/en\/index.php\/2022\/07\/17\/neue-landesmeister-in-sieben-verbaenden-an-einem-wochenende-gekuert\/","title":{"rendered":"Neue Landesmeister in sieben Verb\u00e4nden an einem Wochenende gek\u00fcrt"},"content":{"rendered":"\n<p>Es war Landesmeisterschafts-Wochenende in Deutschland. Sieben Verb\u00e4nde suchten ihre Titeltr\u00e4ger bei den Herren und den Damen, den Children, Junioren und Jungen Reitern.<\/p>\n\n\n\n<p>Als Erste waren die Hannoveraner fertig mit der Entscheidung. In Westergellersen sicherte sich Josch L\u00f6hden auf Ultimus den Titel knapp vor Mynou Diederichsmeier auf Montania W und Kevin Martsch auf Quando Vengo. Mynous Schwester Mylene Nagel gewann den Titel bei den Damen auf Look at me R vor Stephanie B\u00f6he auf DSP Lyjin P und Theresa Engfer auf Call me Maja. Das komplette LM-Ergebnis aus Westergellersen <a href=\"https:\/\/results.equi-score.de\/event\/2022\/19569\/de\" target=\"_blank\" rel=\"noreferrer noopener\">hier<\/a>.<\/p>\n\n\n\n<p>Bei den Landesmeisterschaften von Berlin\/Brandenburg in Neustadt\/Dosse holte sich den Titel bei den Reitern\u00a0Steffen Krehl auf Conchito vor Robert Bruhns auf Graduate HBC und Volker Lehrfeld auf Quaido. Bei den Damen gewann Maxi Deutsch auf Baron H die goldene Schleife vor Jasmin Selke-John auf Pjakkur S und der ehemaligen Deutschen Amateurmeisterin Alisa von Piechowski auf Let\u2019s go. Das komplette LM-Ergebnis von Berlin\/Brandenburg <a href=\"https:\/\/results.equi-score.de\/event\/2022\/19577\/de\" target=\"_blank\" rel=\"noreferrer noopener\">hier<\/a><\/p>\n\n\n\n<p>In Hessen war das ber\u00fchmteste Landesverbands-Mitglied nicht am Start: Daniel Deusser ritt an diesem Wochenende erfolgreich in Valkenswaard. Ohne ihn wurde es in Darmstadt trotzdem spannend. Denn im zweiten Umlauf der dritten Wertungspr\u00fcfung lief es nicht wie erwartet f\u00fcr den Favoriten J\u00f6rg Oppermann auf Quin-Ba-Lou, so dass er auf den Bronze-Rang zur\u00fcckfiel. Neuer Landesmeister bei den Reitern ist Maximilian Krau\u00df mit Qunoh vor Darline Eisenmenger mit Donata. Alle LM-Ergebnisse aus Hessen <a href=\"https:\/\/www.psv-hessen.de\/1554-hm-dressur-springen-2022.html\" target=\"_blank\" rel=\"noreferrer noopener\">hier<\/a>.<\/p>\n\n\n\n<p>In Baden-W\u00fcrttemberg wollte es Hansi Dreher noch einmal wissen. Doch ihm erging es in der zweiten Wertungspr\u00fcfung wie seinem Kollegen Oppermann in der dritten: Mit Cous Cous lief es nicht richtig \u2013 und das lie\u00df sich sp\u00e4ter nicht mehr ausb\u00fcgeln. Am Ende wurde der Nationenpreis-Reiter F\u00fcnfter. Neuer Landesmeister ist Sebastian Heller mit Quinaro, der dabei den Vielseitigkeits-Weltmeister und -Olympiasieger Michael Jung mit Chuck Chai auf den Silberrang verwies vor G\u00fcnter Treiber mit Curtis J S. Bei den Reiterinnen gewann Alessandra Reich mit Oeli R den Titel vor Pia-Luise Baur mit Iscayo und Franziska Ritter mit Chilli Chianti.Die LM-Ergebnisse von Baden-W\u00fcrttemberg <a href=\"https:\/\/results.equi-score.de\/event\/2022\/19321\/de\" target=\"_blank\" rel=\"noreferrer noopener\">hier<\/a><\/p>\n\n\n\n<p>In Rheinland-Pfalz wurde Dominique Schott mit Cristallino S neuer Landesmeister vor Max Fritz auf Fuego W und Annika Heller auf Lipstick B.<\/p>\n\n\n\n<p>Au\u00dferdem ermittelten die Landesverb\u00e4nde im Saarland und Th\u00fcringen ihre neuen Landesmeister, nachdem die Sachsen-Anhaltiner bereits am vergangenen Wochenende vorgelegt hatten.<\/p>\n","protected":false},"excerpt":{"rendered":"<p>Es war Landesmeisterschafts-Wochenende in Deutschland. Sieben Verb\u00e4nde suchten ihre Titeltr\u00e4ger bei den Herren und den Damen, den Children, Junioren und Jungen Reitern. Als Erste waren die Hannoveraner fertig mit der Entscheidung. In Westergellersen sicherte sich Josch L\u00f6hden auf Ultimus den Titel knapp vor Mynou Diederichsmeier auf Montania W und Kevin &hellip; <a class=\"kt-excerpt-readmore\" href=\"https:\/\/www.spring-reiter.de\/en\/index.php\/2022\/07\/17\/neue-landesmeister-in-sieben-verbaenden-an-einem-wochenende-gekuert\/\" aria-label=\"Neue Landesmeister in sieben Verb\u00e4nden an einem Wochenende gek\u00fcrt\">Read More<\/a><\/p>\n","protected":false},"author":3,"featured_media":54316,"comment_status":"closed","ping_status":"open","sticky":false,"template":"","format":"standard","meta":{"footnotes":""},"categories":[1],"tags":[],"class_list":["post-54304","post","type-post","status-publish","format-standard","has-post-thumbnail","hentry","category-allgemein"],"translation":{"provider":"WPGlobus","version":"3.0.2","language":"en","enabled_languages":["de","en"],"languages":{"de":{"title":true,"content":true,"excerpt":false},"en":{"title":false,"content":false,"excerpt":false}}},"_links":{"self":[{"href":"https:\/\/www.spring-reiter.de\/en\/index.php\/wp-json\/wp\/v2\/posts\/54304","targetHints":{"allow":["GET"]}}],"collection":[{"href":"https:\/\/www.spring-reiter.de\/en\/index.php\/wp-json\/wp\/v2\/posts"}],"about":[{"href":"https:\/\/www.spring-reiter.de\/en\/index.php\/wp-json\/wp\/v2\/types\/post"}],"author":[{"embeddable":true,"href":"https:\/\/www.spring-reiter.de\/en\/index.php\/wp-json\/wp\/v2\/users\/3"}],"replies":[{"embeddable":true,"href":"https:\/\/www.spring-reiter.de\/en\/index.php\/wp-json\/wp\/v2\/comments?post=54304"}],"version-history":[{"count":0,"href":"https:\/\/www.spring-reiter.de\/en\/index.php\/wp-json\/wp\/v2\/posts\/54304\/revisions"}],"wp:featuredmedia":[{"embeddable":true,"href":"https:\/\/www.spring-reiter.de\/en\/index.php\/wp-json\/wp\/v2\/media\/54316"}],"wp:attachment":[{"href":"https:\/\/www.spring-reiter.de\/en\/index.php\/wp-json\/wp\/v2\/media?parent=54304"}],"wp:term":[{"taxonomy":"category","embeddable":true,"href":"https:\/\/www.spring-reiter.de\/en\/index.php\/wp-json\/wp\/v2\/categories?post=54304"},{"taxonomy":"post_tag","embeddable":true,"href":"https:\/\/www.spring-reiter.de\/en\/index.php\/wp-json\/wp\/v2\/tags?post=54304"}],"curies":[{"name":"wp","href":"https:\/\/api.w.org\/{rel}","templated":true}]}}