{"id":54499,"date":"2022-07-24T11:49:08","date_gmt":"2022-07-24T09:49:08","guid":{"rendered":"https:\/\/www.spring-reiter.de\/?p=54499"},"modified":"2022-07-24T12:43:39","modified_gmt":"2022-07-24T10:43:39","slug":"jeroen-appelen-bremst-jana-wagers-und-rene-dittmer-im-csi2-grand-prix-in-samorin-aus","status":"publish","type":"post","link":"https:\/\/www.spring-reiter.de\/en\/index.php\/2022\/07\/24\/jeroen-appelen-bremst-jana-wagers-und-rene-dittmer-im-csi2-grand-prix-in-samorin-aus\/","title":{"rendered":"Jeroen Appelen bremst Jana Wargers und Rene Dittmer im CSI2* Grand Prix in Samorin aus!"},"content":{"rendered":"\n<p>Beinahe h\u00e4tte es im CSI2* Grand Prix in Samorin am Sonntagvormittag mit dem deutschen Doppel-Sieg geklappt: Doch die letzten Starter im Stechen, Jeroen Appelen und der neunj\u00e4hrige Oldenburger Wallach Monte Blue PS (v. Monte Bellini), verhinderten diesen Triumph. Schon am Samstagabend hatte sich der Belgier den Sieg im Hauptspringen unter Flutlicht gesichert und auch im CSI2* Grand Prix konnte er die von Jana Wargers und dem Holsteiner Wallach Corny M (v. Connor) ben\u00f6tigten 39.10 Sekunden mit seinem Ergebnis von 39.08 Sekunden noch ganz knapp unterbieten. Dritter auf dem Podium wurde Rene Dittmer im Sattel seines Erfolgspartners Farrero und mit einer Zeit von 39.71 Sekunden. <\/p>\n\n\n\n<p>Im CSI3* Hauptspringen am Samstagabend unter Flutlicht hatte Jana Wargers \u00fcbrigens auch noch einmal die Form ihres f\u00fcr die Weltmeisterschaft in Herning im August nominierten Limbridge \u00fcberpr\u00fcft.  Der Holsteiner absolvierte eine tadellose Runde ohne Abw\u00fcrfe und kam lediglich mit einigen Zeitfehlern ins Ziel. Herning kann also kommen. <\/p>\n\n\n\n<p>Das ganze Ergebnis: <a href=\"https:\/\/online.equipe.com\/en\/class_sections\/717634\">HIER <\/a><\/p>\n","protected":false},"excerpt":{"rendered":"<p>Beinahe h\u00e4tte es im CSI2* Grand Prix in Samorin am Sonntagvormittag mit dem deutschen Doppel-Sieg geklappt: Doch die letzten Starter im Stechen, Jeroen Appelen und der neunj\u00e4hrige Oldenburger Wallach Monte Blue PS (v. Monte Bellini), verhinderten diesen Triumph. Schon am Samstagabend hatte sich der Belgier den Sieg im Hauptspringen unter &hellip; <a class=\"kt-excerpt-readmore\" href=\"https:\/\/www.spring-reiter.de\/en\/index.php\/2022\/07\/24\/jeroen-appelen-bremst-jana-wagers-und-rene-dittmer-im-csi2-grand-prix-in-samorin-aus\/\" aria-label=\"Jeroen Appelen bremst Jana Wargers und Rene Dittmer im CSI2* Grand Prix in Samorin aus!\">Read More<\/a><\/p>\n","protected":false},"author":2,"featured_media":54501,"comment_status":"closed","ping_status":"open","sticky":false,"template":"","format":"standard","meta":{"footnotes":""},"categories":[1],"tags":[],"class_list":["post-54499","post","type-post","status-publish","format-standard","has-post-thumbnail","hentry","category-allgemein"],"translation":{"provider":"WPGlobus","version":"3.0.2","language":"en","enabled_languages":["de","en"],"languages":{"de":{"title":true,"content":true,"excerpt":false},"en":{"title":false,"content":false,"excerpt":false}}},"_links":{"self":[{"href":"https:\/\/www.spring-reiter.de\/en\/index.php\/wp-json\/wp\/v2\/posts\/54499","targetHints":{"allow":["GET"]}}],"collection":[{"href":"https:\/\/www.spring-reiter.de\/en\/index.php\/wp-json\/wp\/v2\/posts"}],"about":[{"href":"https:\/\/www.spring-reiter.de\/en\/index.php\/wp-json\/wp\/v2\/types\/post"}],"author":[{"embeddable":true,"href":"https:\/\/www.spring-reiter.de\/en\/index.php\/wp-json\/wp\/v2\/users\/2"}],"replies":[{"embeddable":true,"href":"https:\/\/www.spring-reiter.de\/en\/index.php\/wp-json\/wp\/v2\/comments?post=54499"}],"version-history":[{"count":0,"href":"https:\/\/www.spring-reiter.de\/en\/index.php\/wp-json\/wp\/v2\/posts\/54499\/revisions"}],"wp:featuredmedia":[{"embeddable":true,"href":"https:\/\/www.spring-reiter.de\/en\/index.php\/wp-json\/wp\/v2\/media\/54501"}],"wp:attachment":[{"href":"https:\/\/www.spring-reiter.de\/en\/index.php\/wp-json\/wp\/v2\/media?parent=54499"}],"wp:term":[{"taxonomy":"category","embeddable":true,"href":"https:\/\/www.spring-reiter.de\/en\/index.php\/wp-json\/wp\/v2\/categories?post=54499"},{"taxonomy":"post_tag","embeddable":true,"href":"https:\/\/www.spring-reiter.de\/en\/index.php\/wp-json\/wp\/v2\/tags?post=54499"}],"curies":[{"name":"wp","href":"https:\/\/api.w.org\/{rel}","templated":true}]}}