{"id":54532,"date":"2022-07-24T17:55:48","date_gmt":"2022-07-24T15:55:48","guid":{"rendered":"https:\/\/www.spring-reiter.de\/?p=54532"},"modified":"2022-07-24T17:55:51","modified_gmt":"2022-07-24T15:55:51","slug":"patrick-boelle-ist-neuer-oldenburger-landesmeister","status":"publish","type":"post","link":"https:\/\/www.spring-reiter.de\/en\/index.php\/2022\/07\/24\/patrick-boelle-ist-neuer-oldenburger-landesmeister\/","title":{"rendered":"Patrick B\u00f6lle ist neuer Oldenburger Landesmeister"},"content":{"rendered":"\n<p>Der Chef Rolf Moormann stand am Einritt des gro\u00dfen Rasenplatzes \u2013 und wurde nicht entt\u00e4uscht: Sein Bereiter Patrick B\u00f6lle gewann ganz souver\u00e4n und fehlerfrei auf Caramba de Janeiro (v. Check In) das Zweier-Stechen im S**-Finale in Rastede und kr\u00f6nte sich damit auch zum neuen Oldenburger Landesmeister. Es war sein zweiter wichtiger Sieg in den sechs Tagen des 73. Landesturniers des Oldenburger Verbands, denn er hatte auch schon die zweite Qualifikation f\u00fcr sich entschieden.<\/p>\n\n\n\n<p>Zweite im Finalspringen wurde Vivian Martin aus dem Stall Stevens, die mit Annelie (v. Action-Pezi) zwar schneller im Stechen war, aber zwei Abw\u00fcrfe unterwegs einsammelte. Auf Platz drei sprang Hendrik Sosath mit Cadora (v. Catoki), vier Fehlerpunkte im Umlauf hatten ihre Teilnahme am Stechen verhindert.<\/p>\n\n\n\n<p>Das komplette Ergebnis des Finales <a href=\"https:\/\/results.hsr-performance.de\/2022\/rastede\/c48_result.html\" target=\"_blank\" rel=\"noreferrer noopener\">hier<\/a><\/p>\n\n\n\n<p>Die Meisterschafts-Wertung <a href=\"https:\/\/results.hsr-performance.de\/2022\/rastede\/\" target=\"_blank\" rel=\"noreferrer noopener\">hier<\/a><\/p>\n","protected":false},"excerpt":{"rendered":"<p>Der Chef Rolf Moormann stand am Einritt des gro\u00dfen Rasenplatzes \u2013 und wurde nicht entt\u00e4uscht: Sein Bereiter Patrick B\u00f6lle gewann ganz souver\u00e4n und fehlerfrei auf Caramba de Janeiro (v. Check In) das Zweier-Stechen im S**-Finale in Rastede und kr\u00f6nte sich damit auch zum neuen Oldenburger Landesmeister. Es war sein zweiter &hellip; <a class=\"kt-excerpt-readmore\" href=\"https:\/\/www.spring-reiter.de\/en\/index.php\/2022\/07\/24\/patrick-boelle-ist-neuer-oldenburger-landesmeister\/\" aria-label=\"Patrick B\u00f6lle ist neuer Oldenburger Landesmeister\">Read More<\/a><\/p>\n","protected":false},"author":3,"featured_media":54533,"comment_status":"closed","ping_status":"open","sticky":false,"template":"","format":"standard","meta":{"footnotes":""},"categories":[1],"tags":[],"class_list":["post-54532","post","type-post","status-publish","format-standard","has-post-thumbnail","hentry","category-allgemein"],"translation":{"provider":"WPGlobus","version":"3.0.2","language":"en","enabled_languages":["de","en"],"languages":{"de":{"title":true,"content":true,"excerpt":false},"en":{"title":false,"content":false,"excerpt":false}}},"_links":{"self":[{"href":"https:\/\/www.spring-reiter.de\/en\/index.php\/wp-json\/wp\/v2\/posts\/54532","targetHints":{"allow":["GET"]}}],"collection":[{"href":"https:\/\/www.spring-reiter.de\/en\/index.php\/wp-json\/wp\/v2\/posts"}],"about":[{"href":"https:\/\/www.spring-reiter.de\/en\/index.php\/wp-json\/wp\/v2\/types\/post"}],"author":[{"embeddable":true,"href":"https:\/\/www.spring-reiter.de\/en\/index.php\/wp-json\/wp\/v2\/users\/3"}],"replies":[{"embeddable":true,"href":"https:\/\/www.spring-reiter.de\/en\/index.php\/wp-json\/wp\/v2\/comments?post=54532"}],"version-history":[{"count":0,"href":"https:\/\/www.spring-reiter.de\/en\/index.php\/wp-json\/wp\/v2\/posts\/54532\/revisions"}],"wp:featuredmedia":[{"embeddable":true,"href":"https:\/\/www.spring-reiter.de\/en\/index.php\/wp-json\/wp\/v2\/media\/54533"}],"wp:attachment":[{"href":"https:\/\/www.spring-reiter.de\/en\/index.php\/wp-json\/wp\/v2\/media?parent=54532"}],"wp:term":[{"taxonomy":"category","embeddable":true,"href":"https:\/\/www.spring-reiter.de\/en\/index.php\/wp-json\/wp\/v2\/categories?post=54532"},{"taxonomy":"post_tag","embeddable":true,"href":"https:\/\/www.spring-reiter.de\/en\/index.php\/wp-json\/wp\/v2\/tags?post=54532"}],"curies":[{"name":"wp","href":"https:\/\/api.w.org\/{rel}","templated":true}]}}