{"id":55626,"date":"2022-08-25T15:24:07","date_gmt":"2022-08-25T13:24:07","guid":{"rendered":"https:\/\/www.spring-reiter.de\/?p=55626"},"modified":"2022-08-25T15:24:14","modified_gmt":"2022-08-25T13:24:14","slug":"internationale-sperre-fuer-russische-sportler-onishchenko-reitet-jetzt-fuer-nordmazedonien","status":"publish","type":"post","link":"https:\/\/www.spring-reiter.de\/en\/index.php\/2022\/08\/25\/internationale-sperre-fuer-russische-sportler-onishchenko-reitet-jetzt-fuer-nordmazedonien\/","title":{"rendered":"Internationale Sperre f\u00fcr russische Sportler: Onishchenko reitet jetzt f\u00fcr Nordmazedonien"},"content":{"rendered":"\n<p>Vor 17 Jahren lief die Sache noch andersherum: Aleksandr Onishchenko, im ukrainischen \u00d6l- und Gasgesch\u00e4ft reich geworden, begann damit, als Pr\u00e4sident des ukrainischen Reitverbandes im Ausland Reiter mit Pferden auszustatten, damit die im Gegenzug die ukrainische Staatsb\u00fcrgerschaft annahmen und ein Nationenpreisteam f\u00fcr sein Heimatland bildeten. Die beiden Deutschen Ulrich Kirchhoff und Ren\u00e9 Tebbel starten immer noch unter ukrainischer Flagge.<\/p>\n\n\n\n<p>Aber Onishchenko geriet in der Ukraine in Schwierigkeiten, wurde strafrechtlich verfolgt und floh ins Ausland. Inzwischen hat er seine Heimat in Russland und Herzlake und startete f\u00fcr Russland. Bis der internationale Bann die Sportler aus dem Land des Kriegsherrn Putin traf. \u201eIch durfte seit einem halben Jahr auf kein Turnier\u201c, klagt Aleksandr Onischenko gegen\u00fcber spring-reiter.de.<\/p>\n\n\n\n<p>So geht er jetzt den umgekehrten Weg: Mit dem Reitverband Nordmazedoniens verabredete er, dass er f\u00fcr den EU-Beitrittskandidaten startet. \u201eAlles official\u201c, betont der Reiter. Der Verband hat mit der Regierung gesprochen \u2013 und jetzt hat Onishchenko auch die mazedonische Staatsb\u00fcrgerschaft samt ordentlichem Personalausweis. 1,8 Millionen Einwohner hat das Land und im Sport als einen der bisher gr\u00f6\u00dften Erfolge den 2:1 Sieg in der Fu\u00dfball-WM-Qualifikation gegen Deutschland im M\u00e4rz 2021 zu vermelden. Aber Reiten? Nichts bekannt au\u00dfer Trekking-Touren mit Pferden querfeldein.<\/p>\n\n\n\n<p>Warum Onishchenko nach dem internationalen Bann gegen russische Sportler wegen Putins \u00dcberfall gegen die Ukraine nicht wieder unter der blaugelben Fahne seiner Heimat antritt? Sein Erzfeind, der damalige Pr\u00e4sident Poroschenko, \u201ehat 2016 meine Olympia-Akkreditierung storniert\u201c, und f\u00fcr die Olympischen Spiele in Tokio 2021 \u201eist mein Qualifikationsplatz einem anderen Reiter gegeben worden\u201c. Da hilft es auch nicht, dass der jetzige Pr\u00e4sident Selensky mal auf Onishchenkos Geburtstagfeier f\u00fcr ihn gesungen hat.<\/p>\n\n\n\n<p>Statt dessen also auf zum Ruhm Nordmazedoniens. Auf dem Hauptplatz der Hauptstadt Skopje ragt ja schon die Reiterstatue eines anderen Alexander in die H\u00f6he: von Alexander dem Gro\u00dfen, der f\u00fcr sich auch keine Landesgrenzen akzeptierte.<\/p>\n","protected":false},"excerpt":{"rendered":"<p>Vor 17 Jahren lief die Sache noch andersherum: Aleksandr Onishchenko, im ukrainischen \u00d6l- und Gasgesch\u00e4ft reich geworden, begann damit, als Pr\u00e4sident des ukrainischen Reitverbandes im Ausland Reiter mit Pferden auszustatten, damit die im Gegenzug die ukrainische Staatsb\u00fcrgerschaft annahmen und ein Nationenpreisteam f\u00fcr sein Heimatland bildeten. Die beiden Deutschen Ulrich Kirchhoff &hellip; <a class=\"kt-excerpt-readmore\" href=\"https:\/\/www.spring-reiter.de\/en\/index.php\/2022\/08\/25\/internationale-sperre-fuer-russische-sportler-onishchenko-reitet-jetzt-fuer-nordmazedonien\/\" aria-label=\"Internationale Sperre f\u00fcr russische Sportler: Onishchenko reitet jetzt f\u00fcr Nordmazedonien\">Read More<\/a><\/p>\n","protected":false},"author":3,"featured_media":51369,"comment_status":"closed","ping_status":"open","sticky":false,"template":"","format":"standard","meta":{"footnotes":""},"categories":[1],"tags":[],"class_list":["post-55626","post","type-post","status-publish","format-standard","has-post-thumbnail","hentry","category-allgemein"],"translation":{"provider":"WPGlobus","version":"3.0.2","language":"en","enabled_languages":["de","en"],"languages":{"de":{"title":true,"content":true,"excerpt":false},"en":{"title":false,"content":false,"excerpt":false}}},"_links":{"self":[{"href":"https:\/\/www.spring-reiter.de\/en\/index.php\/wp-json\/wp\/v2\/posts\/55626","targetHints":{"allow":["GET"]}}],"collection":[{"href":"https:\/\/www.spring-reiter.de\/en\/index.php\/wp-json\/wp\/v2\/posts"}],"about":[{"href":"https:\/\/www.spring-reiter.de\/en\/index.php\/wp-json\/wp\/v2\/types\/post"}],"author":[{"embeddable":true,"href":"https:\/\/www.spring-reiter.de\/en\/index.php\/wp-json\/wp\/v2\/users\/3"}],"replies":[{"embeddable":true,"href":"https:\/\/www.spring-reiter.de\/en\/index.php\/wp-json\/wp\/v2\/comments?post=55626"}],"version-history":[{"count":0,"href":"https:\/\/www.spring-reiter.de\/en\/index.php\/wp-json\/wp\/v2\/posts\/55626\/revisions"}],"wp:featuredmedia":[{"embeddable":true,"href":"https:\/\/www.spring-reiter.de\/en\/index.php\/wp-json\/wp\/v2\/media\/51369"}],"wp:attachment":[{"href":"https:\/\/www.spring-reiter.de\/en\/index.php\/wp-json\/wp\/v2\/media?parent=55626"}],"wp:term":[{"taxonomy":"category","embeddable":true,"href":"https:\/\/www.spring-reiter.de\/en\/index.php\/wp-json\/wp\/v2\/categories?post=55626"},{"taxonomy":"post_tag","embeddable":true,"href":"https:\/\/www.spring-reiter.de\/en\/index.php\/wp-json\/wp\/v2\/tags?post=55626"}],"curies":[{"name":"wp","href":"https:\/\/api.w.org\/{rel}","templated":true}]}}