{"id":56116,"date":"2022-09-09T12:27:06","date_gmt":"2022-09-09T10:27:06","guid":{"rendered":"https:\/\/www.spring-reiter.de\/?p=56116"},"modified":"2022-09-09T12:27:10","modified_gmt":"2022-09-09T10:27:10","slug":"fei-muss-wieder-nachrechnen-weltrangliste-mit-aufsteigendem-andre-thieme","status":"publish","type":"post","link":"https:\/\/www.spring-reiter.de\/en\/index.php\/2022\/09\/09\/fei-muss-wieder-nachrechnen-weltrangliste-mit-aufsteigendem-andre-thieme\/","title":{"rendered":"FEI muss wieder nachrechnen: Weltrangliste mit aufsteigendem Andr\u00e9 Thieme!"},"content":{"rendered":"\n<p>Die FEI hat wieder nachrechnen m\u00fcssen und ihre neue Weltrangliste kurz nach der Ver\u00f6ffentlichung korrigieren m\u00fcssen. Und pl\u00f6tzlich war Peder Fredricson nicht mehr auf Rang neun, sondern wieder auf der Drei. Was unver\u00e4ndert gilt, ist die traurige Tatsache, dass kein Deutscher mehr in den TopTen vertreten ist \u2013 mit Ausnahme von Max K\u00fchner, der sich vom 12. auf den 9. Rang verbessern konnte, aber ja f\u00fcr \u00d6sterreich startet.<\/p>\n\n\n\n<p>Die FEI hatte auch schon im Vormonat eine Korrektur nachschieben m\u00fcssen, da war die Begr\u00fcndung, dass die Ergebnisse der Olympischen Spiele in Tokio nicht richtig verrechnet wurden. Die aktuelle Korrektur hat die FEI gegen\u00fcber spring-reiter.de so begr\u00fcndet: \u201eDie IT-Abteilung hat erst nach der Ver\u00f6ffentlichung des neuen Rankings ein Problem mit der endg\u00fcltigen Punktzahl f\u00fcr eine Veranstaltung entdeckt. Daher war das erste ver\u00f6ffentlichte Ranking nicht korrekt. Nachdem der Fehler Minuten sp\u00e4ter identifiziert wurde, berechnete die IT-Abteilung die Punktezahl neu und lud die neue Rangliste hoch. Wie Sie vielleicht wissen, kann jede kleine \u00c4nderung der Punktezahl in nur einem Event zu gro\u00dfen \u00c4nderungen in der Rangliste f\u00fchren.\u201c<\/p>\n\n\n\n<p>F\u00fcr die deutschen Reiter hat die Korrektur nur zum Teil Folgen: Daniel Deusser, Christian Ahlmann und Marcus Ehning bleiben, wie in der urspr\u00fcnglichen Liste, auf den Pl\u00e4tzen 18,19, 20. Aber dann: Europameister Andr\u00e9 Thieme ist eben nicht vom 28. auf den 33. Platz abgerutscht, sondern hat sich ganz im Gegenteil auf Platz 25 verbessert! David Will ist auch nicht von Platz 29 auf 47 abgerutscht, sondern nur um einen Platz auf die 30. Christian Kukuk ist eben jetzt auch nicht 61., sondern unver\u00e4ndert in den Top 50, als 45..<\/p>\n\n\n\n<p>Die komplette, korrigierte Weltrangliste <a href=\"https:\/\/data.fei.org\/Ranking\/Search.aspx?rankingCode=S_WR\" target=\"_blank\" rel=\"noreferrer noopener\">hier<\/a><\/p>\n","protected":false},"excerpt":{"rendered":"<p>Die FEI hat wieder nachrechnen m\u00fcssen und ihre neue Weltrangliste kurz nach der Ver\u00f6ffentlichung korrigieren m\u00fcssen. Und pl\u00f6tzlich war Peder Fredricson nicht mehr auf Rang neun, sondern wieder auf der Drei. Was unver\u00e4ndert gilt, ist die traurige Tatsache, dass kein Deutscher mehr in den TopTen vertreten ist \u2013 mit Ausnahme &hellip; <a class=\"kt-excerpt-readmore\" href=\"https:\/\/www.spring-reiter.de\/en\/index.php\/2022\/09\/09\/fei-muss-wieder-nachrechnen-weltrangliste-mit-aufsteigendem-andre-thieme\/\" aria-label=\"FEI muss wieder nachrechnen: Weltrangliste mit aufsteigendem Andr\u00e9 Thieme!\">Read More<\/a><\/p>\n","protected":false},"author":3,"featured_media":56117,"comment_status":"closed","ping_status":"open","sticky":false,"template":"","format":"standard","meta":{"footnotes":""},"categories":[1],"tags":[],"class_list":["post-56116","post","type-post","status-publish","format-standard","has-post-thumbnail","hentry","category-allgemein"],"translation":{"provider":"WPGlobus","version":"3.0.2","language":"en","enabled_languages":["de","en"],"languages":{"de":{"title":true,"content":true,"excerpt":false},"en":{"title":false,"content":false,"excerpt":false}}},"_links":{"self":[{"href":"https:\/\/www.spring-reiter.de\/en\/index.php\/wp-json\/wp\/v2\/posts\/56116","targetHints":{"allow":["GET"]}}],"collection":[{"href":"https:\/\/www.spring-reiter.de\/en\/index.php\/wp-json\/wp\/v2\/posts"}],"about":[{"href":"https:\/\/www.spring-reiter.de\/en\/index.php\/wp-json\/wp\/v2\/types\/post"}],"author":[{"embeddable":true,"href":"https:\/\/www.spring-reiter.de\/en\/index.php\/wp-json\/wp\/v2\/users\/3"}],"replies":[{"embeddable":true,"href":"https:\/\/www.spring-reiter.de\/en\/index.php\/wp-json\/wp\/v2\/comments?post=56116"}],"version-history":[{"count":0,"href":"https:\/\/www.spring-reiter.de\/en\/index.php\/wp-json\/wp\/v2\/posts\/56116\/revisions"}],"wp:featuredmedia":[{"embeddable":true,"href":"https:\/\/www.spring-reiter.de\/en\/index.php\/wp-json\/wp\/v2\/media\/56117"}],"wp:attachment":[{"href":"https:\/\/www.spring-reiter.de\/en\/index.php\/wp-json\/wp\/v2\/media?parent=56116"}],"wp:term":[{"taxonomy":"category","embeddable":true,"href":"https:\/\/www.spring-reiter.de\/en\/index.php\/wp-json\/wp\/v2\/categories?post=56116"},{"taxonomy":"post_tag","embeddable":true,"href":"https:\/\/www.spring-reiter.de\/en\/index.php\/wp-json\/wp\/v2\/tags?post=56116"}],"curies":[{"name":"wp","href":"https:\/\/api.w.org\/{rel}","templated":true}]}}