{"id":56398,"date":"2022-09-17T18:28:53","date_gmt":"2022-09-17T16:28:53","guid":{"rendered":"https:\/\/www.spring-reiter.de\/?p=56398"},"modified":"2022-09-17T18:28:58","modified_gmt":"2022-09-17T16:28:58","slug":"david-will-und-laura-kraut-siegen-in-grimaud","status":"publish","type":"post","link":"https:\/\/www.spring-reiter.de\/en\/index.php\/2022\/09\/17\/david-will-und-laura-kraut-siegen-in-grimaud\/","title":{"rendered":"David Will und Laura Kraut siegen in Grimaud!"},"content":{"rendered":"\n<p>Erfolgreicher Tag f\u00fcr David Will beim Hubside Jumping in Grimaud: Im CSI2* Hauptspringen des Tages, einem Weltranglistenspringen \u00fcber 1,45m in Zwei-Phasen, konnte sich die aktuelle Nummer 30 der FEI Weltrangliste im Sattel des 16j\u00e4hrigen Wallachs Forest Gump (v. Forsyth Frh) den Sieg sichern. Will h\u00e4ngte damit den Franzosen Roger Yves Bost mit der Stute Urane (v. Miami de Semilly) ab. Platz drei ging an den Italiener Lorenzo de Luca mit Dirka de Blondel (v. Very Berlin de Castel). Nicola Pohl und Fiona des Hayettes (v. Lord de Hayettes) wurden Achte. <\/p>\n\n\n\n<p>Das Hauptspringen der CSI4* Tour \u00fcber 1,45m mit Stechen gewann die US-Amerikanerin Laura Kraut mit der erst achtj\u00e4hrigen Bisquetta vor Megane Mossonnier und Bracadabra (v. Pacific des Essarts) und Harry Charles im Sattel der Chacco-Blue-Tochter Aralyn Blue. <\/p>\n\n\n\n<p>In einem weiteren CSI4* Springen \u00fcber 1,50 sprangen David Will und der Wallach Mexico (v. Niveau) auf Platz sechs. Die Siegerschleife holte sich Nicolas Delmotte mit Jeck K (v. Brainpower). <\/p>\n\n\n\n<p>Das ganze Ergebnis CSI2* Special Two Phases: <a href=\"http:\/\/Das Longines FEI Nationspreis-Finale in Barcelona ist der Saison-H\u00f6hepunkt der Mannschaftswettbewerbe im Springen. Deutschland hat sich f\u00fcr das Finale vom 29. September bis 2. Oktober in Spanien qualifiziert und geht auf Rang drei der Liga 1 Europa ins Finale. Jetzt steht auch die Besetzung der anderen Teams fest.\">HIER <\/a><\/p>\n\n\n\n<p>Das ganze Ergebnis CSI4*:  <a href=\"https:\/\/online.equipe.com\/de\/class_sections\/741778\">HIER <\/a><\/p>\n","protected":false},"excerpt":{"rendered":"<p>Erfolgreicher Tag f\u00fcr David Will beim Hubside Jumping in Grimaud: Im CSI2* Hauptspringen des Tages, einem Weltranglistenspringen \u00fcber 1,45m in Zwei-Phasen, konnte sich die aktuelle Nummer 30 der FEI Weltrangliste im Sattel des 16j\u00e4hrigen Wallachs Forest Gump (v. Forsyth Frh) den Sieg sichern. Will h\u00e4ngte damit den Franzosen Roger Yves &hellip; <a class=\"kt-excerpt-readmore\" href=\"https:\/\/www.spring-reiter.de\/en\/index.php\/2022\/09\/17\/david-will-und-laura-kraut-siegen-in-grimaud\/\" aria-label=\"David Will und Laura Kraut siegen in Grimaud!\">Read More<\/a><\/p>\n","protected":false},"author":2,"featured_media":56400,"comment_status":"closed","ping_status":"open","sticky":false,"template":"","format":"standard","meta":{"footnotes":""},"categories":[1],"tags":[],"class_list":["post-56398","post","type-post","status-publish","format-standard","has-post-thumbnail","hentry","category-allgemein"],"translation":{"provider":"WPGlobus","version":"3.0.2","language":"en","enabled_languages":["de","en"],"languages":{"de":{"title":true,"content":true,"excerpt":false},"en":{"title":false,"content":false,"excerpt":false}}},"_links":{"self":[{"href":"https:\/\/www.spring-reiter.de\/en\/index.php\/wp-json\/wp\/v2\/posts\/56398","targetHints":{"allow":["GET"]}}],"collection":[{"href":"https:\/\/www.spring-reiter.de\/en\/index.php\/wp-json\/wp\/v2\/posts"}],"about":[{"href":"https:\/\/www.spring-reiter.de\/en\/index.php\/wp-json\/wp\/v2\/types\/post"}],"author":[{"embeddable":true,"href":"https:\/\/www.spring-reiter.de\/en\/index.php\/wp-json\/wp\/v2\/users\/2"}],"replies":[{"embeddable":true,"href":"https:\/\/www.spring-reiter.de\/en\/index.php\/wp-json\/wp\/v2\/comments?post=56398"}],"version-history":[{"count":0,"href":"https:\/\/www.spring-reiter.de\/en\/index.php\/wp-json\/wp\/v2\/posts\/56398\/revisions"}],"wp:featuredmedia":[{"embeddable":true,"href":"https:\/\/www.spring-reiter.de\/en\/index.php\/wp-json\/wp\/v2\/media\/56400"}],"wp:attachment":[{"href":"https:\/\/www.spring-reiter.de\/en\/index.php\/wp-json\/wp\/v2\/media?parent=56398"}],"wp:term":[{"taxonomy":"category","embeddable":true,"href":"https:\/\/www.spring-reiter.de\/en\/index.php\/wp-json\/wp\/v2\/categories?post=56398"},{"taxonomy":"post_tag","embeddable":true,"href":"https:\/\/www.spring-reiter.de\/en\/index.php\/wp-json\/wp\/v2\/tags?post=56398"}],"curies":[{"name":"wp","href":"https:\/\/api.w.org\/{rel}","templated":true}]}}