{"id":57067,"date":"2022-10-12T20:36:14","date_gmt":"2022-10-12T18:36:14","guid":{"rendered":"https:\/\/www.spring-reiter.de\/?p=57067"},"modified":"2022-10-12T20:36:17","modified_gmt":"2022-10-12T18:36:17","slug":"nordic-jumping-liebe-haengt-heineke-im-s-ab-und-hannes-ahlmann-traeumt-vom-chio-aachen","status":"publish","type":"post","link":"https:\/\/www.spring-reiter.de\/en\/index.php\/2022\/10\/12\/nordic-jumping-liebe-haengt-heineke-im-s-ab-und-hannes-ahlmann-traeumt-vom-chio-aachen\/","title":{"rendered":"Nordic Jumping: Liebe h\u00e4ngt Heineke im S* ab und Hannes Ahlmann tr\u00e4umt vom CHIO Aachen!"},"content":{"rendered":"\n<p>Es war das erste S-Springen der neuen und f\u00fcnften Saison bei den Nordic Jumping Events in Negernb\u00f6tel: Und wie so oft r\u00e4umten auch am Mittwoch die letzten Starter das Feld von hinten auf. Simon Heineke und seine zehnj\u00e4hrige Holsteiner Schimmel-Stute Early Bird (v. Clearway) hatten sich zum Ende des S-Springens mit einer ambitionierten Runde nach 66.73 Sekunden an die Spitze gesetzt. Aber der vorletzte Starter schnappte dem Paar dann doch noch die Siegerschleife vor der Nase weg:  Alexander Liebe galoppierte mit seiner bunten Fuchsstute Fr\u00e4ulein Farbenfroh (v. Uriko) schon nach 64.15 Sekunden \u00fcber die Ziellinie und lie\u00df sich die verdiente Siegerschleife anstecken. Der dritte Platz ging an Edmond Guntz-Malblanc und die achtj\u00e4hrige Fina VA (v. Quintago) vor Jaqueline Reese und der Cascadello Tochter Flora. Den f\u00fcnften Platz teilten sich mit der exakt gleichen Zeit Jan Meves mit seiner Dynastie D (v. Casall) und Sofie Svensson im Sattel von Cooper VA (v. Clarimo). <\/p>\n\n\n\n<p>Auch Hannes Ahlmann war mit seinen Top-Pferden Nerrado (v. Nekton) und Baloucan (v. Baloubet du Rouet) in Negernb\u00f6tel am Start. Aber auf einen Sieg hatte er es heute nicht angelegt, absolvierte fehlerfreie Trainingsrunden. Der Junge Reiter hat n\u00e4chstes Jahr Gro\u00dfes vor:  &#8220;Ich m\u00f6chte beim CHIO Aachen bei den Senioren an den Start gehen. Man muss ja Ziele haben&#8221;, verr\u00e4t Hannes Ahlmann spring-reiter.de.  Muss man!<\/p>\n\n\n\n<p>Die Veranstalter der Nordic Jumping Events waren mit dem Auftakt in die neue Saison rundum zufrieden: &#8220;Wir hatten so einen gro\u00dfen Anstrum an Nennungen. Wir h\u00e4tten glatt noch einen Tag l\u00e4nger Turnier veranstalten k\u00f6nnen&#8221;, erz\u00e4hlt der Mitveranstalter und international erfolgreiche Springreiter Christian Hess. Die n\u00e4chste Runde bei den Nordic Jumping Events startet am 25. und 26. Oktober 2022. <\/p>\n\n\n\n<p>Alle Ergebnisse der Nordic Jumping Events: <a href=\"https:\/\/results.equi-score.de\/event\/2022\/20595\/de\">HIER <\/a><\/p>\n","protected":false},"excerpt":{"rendered":"<p>Es war das erste S-Springen der neuen und f\u00fcnften Saison bei den Nordic Jumping Events in Negernb\u00f6tel: Und wie so oft r\u00e4umten auch am Mittwoch die letzten Starter das Feld von hinten auf. Simon Heineke und seine zehnj\u00e4hrige Holsteiner Schimmel-Stute Early Bird (v. Clearway) hatten sich zum Ende des S-Springens &hellip; <a class=\"kt-excerpt-readmore\" href=\"https:\/\/www.spring-reiter.de\/en\/index.php\/2022\/10\/12\/nordic-jumping-liebe-haengt-heineke-im-s-ab-und-hannes-ahlmann-traeumt-vom-chio-aachen\/\" aria-label=\"Nordic Jumping: Liebe h\u00e4ngt Heineke im S* ab und Hannes Ahlmann tr\u00e4umt vom CHIO Aachen!\">Read More<\/a><\/p>\n","protected":false},"author":2,"featured_media":57073,"comment_status":"closed","ping_status":"open","sticky":false,"template":"","format":"standard","meta":{"footnotes":""},"categories":[1],"tags":[],"class_list":["post-57067","post","type-post","status-publish","format-standard","has-post-thumbnail","hentry","category-allgemein"],"translation":{"provider":"WPGlobus","version":"3.0.2","language":"en","enabled_languages":["de","en"],"languages":{"de":{"title":true,"content":true,"excerpt":false},"en":{"title":false,"content":false,"excerpt":false}}},"_links":{"self":[{"href":"https:\/\/www.spring-reiter.de\/en\/index.php\/wp-json\/wp\/v2\/posts\/57067","targetHints":{"allow":["GET"]}}],"collection":[{"href":"https:\/\/www.spring-reiter.de\/en\/index.php\/wp-json\/wp\/v2\/posts"}],"about":[{"href":"https:\/\/www.spring-reiter.de\/en\/index.php\/wp-json\/wp\/v2\/types\/post"}],"author":[{"embeddable":true,"href":"https:\/\/www.spring-reiter.de\/en\/index.php\/wp-json\/wp\/v2\/users\/2"}],"replies":[{"embeddable":true,"href":"https:\/\/www.spring-reiter.de\/en\/index.php\/wp-json\/wp\/v2\/comments?post=57067"}],"version-history":[{"count":0,"href":"https:\/\/www.spring-reiter.de\/en\/index.php\/wp-json\/wp\/v2\/posts\/57067\/revisions"}],"wp:featuredmedia":[{"embeddable":true,"href":"https:\/\/www.spring-reiter.de\/en\/index.php\/wp-json\/wp\/v2\/media\/57073"}],"wp:attachment":[{"href":"https:\/\/www.spring-reiter.de\/en\/index.php\/wp-json\/wp\/v2\/media?parent=57067"}],"wp:term":[{"taxonomy":"category","embeddable":true,"href":"https:\/\/www.spring-reiter.de\/en\/index.php\/wp-json\/wp\/v2\/categories?post=57067"},{"taxonomy":"post_tag","embeddable":true,"href":"https:\/\/www.spring-reiter.de\/en\/index.php\/wp-json\/wp\/v2\/tags?post=57067"}],"curies":[{"name":"wp","href":"https:\/\/api.w.org\/{rel}","templated":true}]}}