{"id":57127,"date":"2022-10-15T10:21:11","date_gmt":"2022-10-15T08:21:11","guid":{"rendered":"https:\/\/www.spring-reiter.de\/?p=57127"},"modified":"2022-10-15T10:21:15","modified_gmt":"2022-10-15T08:21:15","slug":"indoor-saison-beginnt-beim-sh-holstein-international-einen-tag-frueher","status":"publish","type":"post","link":"https:\/\/www.spring-reiter.de\/en\/index.php\/2022\/10\/15\/indoor-saison-beginnt-beim-sh-holstein-international-einen-tag-frueher\/","title":{"rendered":"Indoor Saison beginnt beim SH Holstein International einen Tag fr\u00fcher"},"content":{"rendered":"\n<p>Es muss bereits einen halben Tag fr\u00fcher beginnen: SH Holstein International, das Reitturnier in den Holstenhallen Neum\u00fcnster, das vom 20 &#8211; 23 Oktober 2022 daf\u00fcr sorgt, dass es doch so etwas wie einen \u201cPferdeherbst\u201d in Schleswig-Holsteins Sportlandschaft gibt. Das wissen Reiterinnen und Reiter aus ganz Europa zu sch\u00e4tzen und kn\u00fcpfen in Neum\u00fcnster an die Hallen-Saison an. Und zwar in durchaus \u00fcppigem Format bereits ab Mittwoch.<\/p>\n\n\n\n<p><br>\u201cWir sind schon sehr \u00fcberrascht wie gro\u00df die Resonanz ist\u201d, r\u00e4umt Harm Sievers (Tasdorf) ein, der das internationale Turnier gemeinsam mit Merve Henningsen (Rastorf) und Thomas Vo\u00df (Sch\u00fclp) auf die Beine stellt. Allein in der so genannten gro\u00dfen Tour mit maximal vier Pr\u00fcfungen kommen Sievers und Co. auf jeweils rund 50-80 Teilnehmer\/innen pro Pr\u00fcfung. Insgesamt sind aktuell 480 Pferde f\u00fcr das CSI1* angemeldet.<\/p>\n\n\n\n<p><strong>\u201cGeht in die \u201cVerl\u00e4ngerung\u201d &#8211; SH Holstein International<\/strong><br>Das braucht alles Zeit und deswegen wird schon am Mittwoch ab 14.00 Uhr mit den ersten internationalen Springpr\u00fcfungen begonnen. Angesagt haben sich Aktive aus ganz Europa, vorrangig auch die Besten aus Schleswig-Holstein mit Landesmeister J\u00f6rg Naeve und den Silber- und Bronzemedaillengewinnerin aus eigener Familie Robin und Volkert Naeve oder Schwedens Top-Reiter Rolf-G\u00f6ran Bengtsson aus Oelixdorf. Jan Meves aus Mehlbek ist dabei und auch Mylene und Mynou Diederichsmeier (Lilienthal). Auch der Vorjahressieger im Gro\u00dfen Preis, Takashi Shibayama Haase, der inzwischen bei Sittensen zuhause ist, tritt erneut in Neum\u00fcnster an.<\/p>\n\n\n\n<p><strong>Breites Angebot lockt Teilnehmende aus ganz Europa<\/strong><br>Unver\u00e4ndert gilt das im vergangenen Jahr erneuerte Tourenkonzept f\u00fcr das erste internationale Hallenturnier der gerade erst begonnenen Indoor-Saison. Und weil alle f\u00fcr die jeweiligen Turnierpl\u00e4ne den n\u00f6tigen Schwung brauchen, bzw. sich auf diese Rahmenbedingungen einstellen m\u00fcssen, passt SH Holstein International so gut in den Herbstplan. Die Parcourschefs Ralf Stehr und Horst Millahn bekommen alle H\u00e4nde voll zu tun, denn insgesamt f\u00fcnf Touren f\u00fcr Pferde und Reiter\/innen unterschiedlichen Alters und unterschiedlicher Leistungsklassen birgt das CSI1*, dazu kommen auch internationale Pr\u00fcfungsformate f\u00fcr die j\u00fcngeren Pferde. All das ist dotiert mit rund 51.750 Euro Preisgeld und wertvollen Ehrenpreisen.<\/p>\n\n\n\n<p><strong>Pferdeherbst in Neum\u00fcnster<\/strong><br>Ver\u00e4nderungen barg die Organisation vor allem f\u00fcr die Veranstalter selbst, denn was mindestens bis 2019 gemeinsam mit den Veranstaltern der Hengstk\u00f6rungen (Trakehner, Holsteiner) vor und nach dem internationalen Turnier genutzt wurde, wie z.B. die Reitb\u00f6den, entf\u00e4llt in diesem Jahr. SH Holstein International ist im Oktober in den Holstenhallen ein \u201cPferdesport-Solit\u00e4r\u201d, alles was f\u00fcr ein regelkonformes internationales Turnier notwendig ist, schaffen die Organisatoren selbst heran. \u201cAndererseits birgt das auch Vorteile, denn unser Zeitplan f\u00fcr Auf-, bzw. Umbau ist deutlich entspannter\u201d, sagt Harm Sievers.&nbsp;<\/p>\n\n\n\n<p><br>Am Freitagabend sausen auch die Vielseitigkeitsreiter durch die Holstenhalle &#8211; kurz nach den Landesmeisterschaften in Bad Segeberg. Am Samstagabend bitten die Veranstalter zudem zur Riders Party. Die beste Nachricht ist die f\u00fcr das Publikum: Wie in den Vorjahren ist der Eintritt zum Turnier f\u00fcr alle frei.<\/p>\n","protected":false},"excerpt":{"rendered":"<p>Es muss bereits einen halben Tag fr\u00fcher beginnen: SH Holstein International, das Reitturnier in den Holstenhallen Neum\u00fcnster, das vom 20 &#8211; 23 Oktober 2022 daf\u00fcr sorgt, dass es doch so etwas wie einen \u201cPferdeherbst\u201d in Schleswig-Holsteins Sportlandschaft gibt. Das wissen Reiterinnen und Reiter aus ganz Europa zu sch\u00e4tzen und kn\u00fcpfen &hellip; <a class=\"kt-excerpt-readmore\" href=\"https:\/\/www.spring-reiter.de\/en\/index.php\/2022\/10\/15\/indoor-saison-beginnt-beim-sh-holstein-international-einen-tag-frueher\/\" aria-label=\"Indoor Saison beginnt beim SH Holstein International einen Tag fr\u00fcher\">Read More<\/a><\/p>\n","protected":false},"author":3,"featured_media":57128,"comment_status":"closed","ping_status":"open","sticky":false,"template":"","format":"standard","meta":{"footnotes":""},"categories":[1],"tags":[],"class_list":["post-57127","post","type-post","status-publish","format-standard","has-post-thumbnail","hentry","category-allgemein"],"translation":{"provider":"WPGlobus","version":"3.0.2","language":"en","enabled_languages":["de","en"],"languages":{"de":{"title":true,"content":true,"excerpt":false},"en":{"title":false,"content":false,"excerpt":false}}},"_links":{"self":[{"href":"https:\/\/www.spring-reiter.de\/en\/index.php\/wp-json\/wp\/v2\/posts\/57127","targetHints":{"allow":["GET"]}}],"collection":[{"href":"https:\/\/www.spring-reiter.de\/en\/index.php\/wp-json\/wp\/v2\/posts"}],"about":[{"href":"https:\/\/www.spring-reiter.de\/en\/index.php\/wp-json\/wp\/v2\/types\/post"}],"author":[{"embeddable":true,"href":"https:\/\/www.spring-reiter.de\/en\/index.php\/wp-json\/wp\/v2\/users\/3"}],"replies":[{"embeddable":true,"href":"https:\/\/www.spring-reiter.de\/en\/index.php\/wp-json\/wp\/v2\/comments?post=57127"}],"version-history":[{"count":0,"href":"https:\/\/www.spring-reiter.de\/en\/index.php\/wp-json\/wp\/v2\/posts\/57127\/revisions"}],"wp:featuredmedia":[{"embeddable":true,"href":"https:\/\/www.spring-reiter.de\/en\/index.php\/wp-json\/wp\/v2\/media\/57128"}],"wp:attachment":[{"href":"https:\/\/www.spring-reiter.de\/en\/index.php\/wp-json\/wp\/v2\/media?parent=57127"}],"wp:term":[{"taxonomy":"category","embeddable":true,"href":"https:\/\/www.spring-reiter.de\/en\/index.php\/wp-json\/wp\/v2\/categories?post=57127"},{"taxonomy":"post_tag","embeddable":true,"href":"https:\/\/www.spring-reiter.de\/en\/index.php\/wp-json\/wp\/v2\/tags?post=57127"}],"curies":[{"name":"wp","href":"https:\/\/api.w.org\/{rel}","templated":true}]}}