{"id":57254,"date":"2022-10-21T15:21:12","date_gmt":"2022-10-21T13:21:12","guid":{"rendered":"https:\/\/www.spring-reiter.de\/?p=57254"},"modified":"2022-10-21T15:21:16","modified_gmt":"2022-10-21T13:21:16","slug":"hannes-ahlmann-gewinnt-auftaktspringen-beim-weltcup-in-helsinki","status":"publish","type":"post","link":"https:\/\/www.spring-reiter.de\/en\/index.php\/2022\/10\/21\/hannes-ahlmann-gewinnt-auftaktspringen-beim-weltcup-in-helsinki\/","title":{"rendered":"Hannes Ahlmann gewinnt Auftaktspringen beim Weltcup in Helsinki"},"content":{"rendered":"\n<p>Seit dem M\u00e4rz vergangenen Jahres geh\u00f6rt der Holsteiner Hannes Ahlmann zum Talentpool der Stiftung Deutscher Spitzenpferdesport. Und dass sein Pate Professor Bernd Heicke vom Gest\u00fct Fohlenhof mit dem 20-J\u00e4hrigen auf das richtige Talent gesetzt hat, zeigt sich gerade wieder beim Weltcup in Helsinki: Auf der erst achtj\u00e4hrigen Diara (v. Diacontinus) hat Hannes Ahlmann das Er\u00f6ffnungsspringen des CSI5*-W, eine Zwei-Phasen-Pr\u00fcfung \u00fcber 1,40m, gewonnen und dabei illustre Konkurrenz hinter sich gelassen.<\/p>\n\n\n\n<p>Nach 25,32 Sekunden in der zweiten Phase hatte das Paar den Parcours fehlerfrei beendet. Hinter ihm kamen Johan-Sebastian Gulliksen auf Ambrosio d\u2019Alcy (v. Cabdula du Tillard) und Robert Whitaker auf Vermento (v. Argento) als N\u00e4chste ins Ziel. Als Zenter sprang auch Gerrit Nieberg mit Amigo (v. A Conto Son) ebenfalls fehlerfrei ins Geld vor der US-Amerikanerin Alessandra Volpi auf Hansi Drehers ehemaliger Erfolgsstute Berlinda (v. Berlin), in deren Sattel sie seit Sommer 2021 sitzt.<\/p>\n\n\n\n<p>Das komplette Ergebnis <a href=\"https:\/\/www.longinestiming.com\/equestrian\/2022\/helsinki-international-horse-show-helsinki-helsingin-jaahalli\/resultlist_01.html\" target=\"_blank\" rel=\"noreferrer noopener\">hier<\/a><\/p>\n","protected":false},"excerpt":{"rendered":"<p>Seit dem M\u00e4rz vergangenen Jahres geh\u00f6rt der Holsteiner Hannes Ahlmann zum Talentpool der Stiftung Deutscher Spitzenpferdesport. Und dass sein Pate Professor Bernd Heicke vom Gest\u00fct Fohlenhof mit dem 20-J\u00e4hrigen auf das richtige Talent gesetzt hat, zeigt sich gerade wieder beim Weltcup in Helsinki: Auf der erst achtj\u00e4hrigen Diara (v. Diacontinus) &hellip; <a class=\"kt-excerpt-readmore\" href=\"https:\/\/www.spring-reiter.de\/en\/index.php\/2022\/10\/21\/hannes-ahlmann-gewinnt-auftaktspringen-beim-weltcup-in-helsinki\/\" aria-label=\"Hannes Ahlmann gewinnt Auftaktspringen beim Weltcup in Helsinki\">Read More<\/a><\/p>\n","protected":false},"author":3,"featured_media":57255,"comment_status":"closed","ping_status":"open","sticky":false,"template":"","format":"standard","meta":{"footnotes":""},"categories":[1],"tags":[],"class_list":["post-57254","post","type-post","status-publish","format-standard","has-post-thumbnail","hentry","category-allgemein"],"translation":{"provider":"WPGlobus","version":"3.0.2","language":"en","enabled_languages":["de","en"],"languages":{"de":{"title":true,"content":true,"excerpt":false},"en":{"title":false,"content":false,"excerpt":false}}},"_links":{"self":[{"href":"https:\/\/www.spring-reiter.de\/en\/index.php\/wp-json\/wp\/v2\/posts\/57254","targetHints":{"allow":["GET"]}}],"collection":[{"href":"https:\/\/www.spring-reiter.de\/en\/index.php\/wp-json\/wp\/v2\/posts"}],"about":[{"href":"https:\/\/www.spring-reiter.de\/en\/index.php\/wp-json\/wp\/v2\/types\/post"}],"author":[{"embeddable":true,"href":"https:\/\/www.spring-reiter.de\/en\/index.php\/wp-json\/wp\/v2\/users\/3"}],"replies":[{"embeddable":true,"href":"https:\/\/www.spring-reiter.de\/en\/index.php\/wp-json\/wp\/v2\/comments?post=57254"}],"version-history":[{"count":0,"href":"https:\/\/www.spring-reiter.de\/en\/index.php\/wp-json\/wp\/v2\/posts\/57254\/revisions"}],"wp:featuredmedia":[{"embeddable":true,"href":"https:\/\/www.spring-reiter.de\/en\/index.php\/wp-json\/wp\/v2\/media\/57255"}],"wp:attachment":[{"href":"https:\/\/www.spring-reiter.de\/en\/index.php\/wp-json\/wp\/v2\/media?parent=57254"}],"wp:term":[{"taxonomy":"category","embeddable":true,"href":"https:\/\/www.spring-reiter.de\/en\/index.php\/wp-json\/wp\/v2\/categories?post=57254"},{"taxonomy":"post_tag","embeddable":true,"href":"https:\/\/www.spring-reiter.de\/en\/index.php\/wp-json\/wp\/v2\/tags?post=57254"}],"curies":[{"name":"wp","href":"https:\/\/api.w.org\/{rel}","templated":true}]}}