{"id":58563,"date":"2022-12-03T22:07:06","date_gmt":"2022-12-03T21:07:06","guid":{"rendered":"https:\/\/www.spring-reiter.de\/?p=58563"},"modified":"2022-12-03T22:07:09","modified_gmt":"2022-12-03T21:07:09","slug":"unsanft-ausgebremst-katrin-eckermann-muss-nach-sturz-pausieren","status":"publish","type":"post","link":"https:\/\/www.spring-reiter.de\/en\/index.php\/2022\/12\/03\/unsanft-ausgebremst-katrin-eckermann-muss-nach-sturz-pausieren\/","title":{"rendered":"Unsanft ausgebremst: Katrin Eckermann muss nach Sturz pausieren"},"content":{"rendered":"\n<p>Eigentlich wollte sie an diesem Wochenende beim CSI2* in Riesenbeck an den Start gehen.  Eigentlich. Stattdessen postete Katrin Eckermann ein Video vom Wochenmarkt in M\u00fcnster. Was war passiert?  Katrin Eckermann, k\u00fcrzlich noch mega erfolgreich als Zweite im Super Grand Prix in Prag, hat es spring-reiter.de verraten. Sie hat sich Anfang der Woche bei einem Sturz vom Pferd das Schl\u00fcsselbein gebrochen. <\/p>\n\n\n\n<p>&#8220;Es war zu Hause beim Springen. Das Pferd ist einen Galopp-Sprung zu fr\u00fch abgesprungen&#8221;, erz\u00e4hlt die Deutsche Meisterin im Springsattel.  Und f\u00fcgt tapfer an: &#8220;Diese Seite ist das zweite mal gebrochen, die andere Seite Schl\u00fcsselbein war schon dreimal gebrochen. Das ist schon Routine.&#8221; <\/p>\n\n\n\n<p>Nun ist erst einmal Turnier-Pause angesagt, wie lange, wei\u00df sie noch nicht. Aber im Januar will sie im spanischen Oliva wieder an den Start gehen. &#8220;Hoffentlich klappt das&#8221;, hofft Katrin Eckermann. <\/p>\n\n\n\n<p>spring-reiter.de dr\u00fcckt alle Daumen, w\u00fcnscht GUTE BESSERUNG und eine schnelle R\u00fcckkehr in den Springsattel! <\/p>\n","protected":false},"excerpt":{"rendered":"<p>Eigentlich wollte sie an diesem Wochenende beim CSI2* in Riesenbeck an den Start gehen. Eigentlich. Stattdessen postete Katrin Eckermann ein Video vom Wochenmarkt in M\u00fcnster. Was war passiert? Katrin Eckermann, k\u00fcrzlich noch mega erfolgreich als Zweite im Super Grand Prix in Prag, hat es spring-reiter.de verraten. Sie hat sich Anfang &hellip; <a class=\"kt-excerpt-readmore\" href=\"https:\/\/www.spring-reiter.de\/en\/index.php\/2022\/12\/03\/unsanft-ausgebremst-katrin-eckermann-muss-nach-sturz-pausieren\/\" aria-label=\"Unsanft ausgebremst: Katrin Eckermann muss nach Sturz pausieren\">Read More<\/a><\/p>\n","protected":false},"author":2,"featured_media":58566,"comment_status":"closed","ping_status":"open","sticky":false,"template":"","format":"standard","meta":{"footnotes":""},"categories":[1],"tags":[],"class_list":["post-58563","post","type-post","status-publish","format-standard","has-post-thumbnail","hentry","category-allgemein"],"translation":{"provider":"WPGlobus","version":"3.0.2","language":"en","enabled_languages":["de","en"],"languages":{"de":{"title":true,"content":true,"excerpt":false},"en":{"title":false,"content":false,"excerpt":false}}},"_links":{"self":[{"href":"https:\/\/www.spring-reiter.de\/en\/index.php\/wp-json\/wp\/v2\/posts\/58563","targetHints":{"allow":["GET"]}}],"collection":[{"href":"https:\/\/www.spring-reiter.de\/en\/index.php\/wp-json\/wp\/v2\/posts"}],"about":[{"href":"https:\/\/www.spring-reiter.de\/en\/index.php\/wp-json\/wp\/v2\/types\/post"}],"author":[{"embeddable":true,"href":"https:\/\/www.spring-reiter.de\/en\/index.php\/wp-json\/wp\/v2\/users\/2"}],"replies":[{"embeddable":true,"href":"https:\/\/www.spring-reiter.de\/en\/index.php\/wp-json\/wp\/v2\/comments?post=58563"}],"version-history":[{"count":0,"href":"https:\/\/www.spring-reiter.de\/en\/index.php\/wp-json\/wp\/v2\/posts\/58563\/revisions"}],"wp:featuredmedia":[{"embeddable":true,"href":"https:\/\/www.spring-reiter.de\/en\/index.php\/wp-json\/wp\/v2\/media\/58566"}],"wp:attachment":[{"href":"https:\/\/www.spring-reiter.de\/en\/index.php\/wp-json\/wp\/v2\/media?parent=58563"}],"wp:term":[{"taxonomy":"category","embeddable":true,"href":"https:\/\/www.spring-reiter.de\/en\/index.php\/wp-json\/wp\/v2\/categories?post=58563"},{"taxonomy":"post_tag","embeddable":true,"href":"https:\/\/www.spring-reiter.de\/en\/index.php\/wp-json\/wp\/v2\/tags?post=58563"}],"curies":[{"name":"wp","href":"https:\/\/api.w.org\/{rel}","templated":true}]}}