{"id":58653,"date":"2022-12-06T12:12:18","date_gmt":"2022-12-06T11:12:18","guid":{"rendered":"https:\/\/www.spring-reiter.de\/?p=58653"},"modified":"2022-12-06T12:12:22","modified_gmt":"2022-12-06T11:12:22","slug":"neue-top-kader-philipp-weishaupt-und-hannes-ahlmann-steigen-auf","status":"publish","type":"post","link":"https:\/\/www.spring-reiter.de\/en\/index.php\/2022\/12\/06\/neue-top-kader-philipp-weishaupt-und-hannes-ahlmann-steigen-auf\/","title":{"rendered":"Neue Top-Kader: Philipp Weishaupt und Hannes Ahlmann steigen auf!"},"content":{"rendered":"\n<p>Der Disziplinaussch\u00fcsse Dressur, Springen und Vielseitigkeit des Deutschen Olympiade-Komitees f\u00fcr Reiterei (DOKR) haben die Olympiakader sowie die Perspektivkader f\u00fcr das Jahr 2023 berufen. Die Zusammensetzung der Nachwuchskader wird in der kommenden Woche bekanntgegeben.<\/p>\n\n\n\n<p>Und so setzen sich die neuen Top-Kader im Detail zusammen:<\/p>\n\n\n\n<p><strong>Olympiakader Springen:<\/strong><\/p>\n\n\n\n<ul class=\"wp-block-list\">\n<li>Christian<strong> Ahlmann<\/strong> (Marl\/WEF) mit Dominator 2000 Z<\/li>\n\n\n\n<li>Daniel <strong>Deu\u00dfer<\/strong> (B \u2013 Rijmenam\/HES) mit Killer Queen VDM<\/li>\n\n\n\n<li>Marcus<strong> Ehning<\/strong> (Borken\/WEF) mit Stargold<\/li>\n\n\n\n<li>Christian <strong>Kukuk<\/strong> (H\u00f6rstel\/WEF) mit Mumbai<\/li>\n\n\n\n<li>Janne Friederike <strong>Meyer-Zimmermann<\/strong> (Pinneberg\/SHO) mit Messi van&#8217;t Ruytershof<\/li>\n\n\n\n<li>Gerrit <strong>Nieberg<\/strong> (Sendenhorst\/WEF) mit Ben<\/li>\n\n\n\n<li>Andr\u00e9 <strong>Thieme<\/strong> (Plau am See\/MEV) mit DSP Chakaria<\/li>\n\n\n\n<li>Jana <strong>Wargers<\/strong> (Emsdetten\/WEF) mit Limbridge<\/li>\n\n\n\n<li>Philipp <strong>Weishaupt<\/strong> (H\u00f6rstel\/WEF) mit Coby<\/li>\n<\/ul>\n\n\n\n<p><strong>Perspektivkader Springen (erfolgsorientiert\/erweiterte Weltspitze)<\/strong><\/p>\n\n\n\n<ul class=\"wp-block-list\">\n<li>Katrin <strong>Eckermann<\/strong> (Sassenberg\/RHL) mit Cala Mandia<\/li>\n\n\n\n<li>Philipp <strong>Schulze Topphoff<\/strong> (Havixbeck\/WEF) mit Concordess NRW<\/li>\n\n\n\n<li>Mario <strong>Stevens<\/strong> (Molbergen\/WES) mit Starissa<\/li>\n<\/ul>\n\n\n\n<p><strong>Perspektivkader Springen (perspektivisch):<\/strong><\/p>\n\n\n\n<ul class=\"wp-block-list\">\n<li>Hannes<strong> Ahlmann<\/strong> (Reher\/SHO) mit Baloucan<\/li>\n\n\n\n<li>Marie <strong>Ligges<\/strong> (Ascheberg-Herbern\/WEF) mit Corcovado L<\/li>\n<\/ul>\n","protected":false},"excerpt":{"rendered":"<p>Der Disziplinaussch\u00fcsse Dressur, Springen und Vielseitigkeit des Deutschen Olympiade-Komitees f\u00fcr Reiterei (DOKR) haben die Olympiakader sowie die Perspektivkader f\u00fcr das Jahr 2023 berufen. Die Zusammensetzung der Nachwuchskader wird in der kommenden Woche bekanntgegeben. Und so setzen sich die neuen Top-Kader im Detail zusammen: Olympiakader Springen: Perspektivkader Springen (erfolgsorientiert\/erweiterte Weltspitze) Perspektivkader &hellip; <a class=\"kt-excerpt-readmore\" href=\"https:\/\/www.spring-reiter.de\/en\/index.php\/2022\/12\/06\/neue-top-kader-philipp-weishaupt-und-hannes-ahlmann-steigen-auf\/\" aria-label=\"Neue Top-Kader: Philipp Weishaupt und Hannes Ahlmann steigen auf!\">Read More<\/a><\/p>\n","protected":false},"author":3,"featured_media":57031,"comment_status":"closed","ping_status":"open","sticky":false,"template":"","format":"standard","meta":{"footnotes":""},"categories":[1],"tags":[],"class_list":["post-58653","post","type-post","status-publish","format-standard","has-post-thumbnail","hentry","category-allgemein"],"translation":{"provider":"WPGlobus","version":"3.0.2","language":"en","enabled_languages":["de","en"],"languages":{"de":{"title":true,"content":true,"excerpt":false},"en":{"title":false,"content":false,"excerpt":false}}},"_links":{"self":[{"href":"https:\/\/www.spring-reiter.de\/en\/index.php\/wp-json\/wp\/v2\/posts\/58653","targetHints":{"allow":["GET"]}}],"collection":[{"href":"https:\/\/www.spring-reiter.de\/en\/index.php\/wp-json\/wp\/v2\/posts"}],"about":[{"href":"https:\/\/www.spring-reiter.de\/en\/index.php\/wp-json\/wp\/v2\/types\/post"}],"author":[{"embeddable":true,"href":"https:\/\/www.spring-reiter.de\/en\/index.php\/wp-json\/wp\/v2\/users\/3"}],"replies":[{"embeddable":true,"href":"https:\/\/www.spring-reiter.de\/en\/index.php\/wp-json\/wp\/v2\/comments?post=58653"}],"version-history":[{"count":0,"href":"https:\/\/www.spring-reiter.de\/en\/index.php\/wp-json\/wp\/v2\/posts\/58653\/revisions"}],"wp:featuredmedia":[{"embeddable":true,"href":"https:\/\/www.spring-reiter.de\/en\/index.php\/wp-json\/wp\/v2\/media\/57031"}],"wp:attachment":[{"href":"https:\/\/www.spring-reiter.de\/en\/index.php\/wp-json\/wp\/v2\/media?parent=58653"}],"wp:term":[{"taxonomy":"category","embeddable":true,"href":"https:\/\/www.spring-reiter.de\/en\/index.php\/wp-json\/wp\/v2\/categories?post=58653"},{"taxonomy":"post_tag","embeddable":true,"href":"https:\/\/www.spring-reiter.de\/en\/index.php\/wp-json\/wp\/v2\/tags?post=58653"}],"curies":[{"name":"wp","href":"https:\/\/api.w.org\/{rel}","templated":true}]}}