{"id":59066,"date":"2022-12-14T14:08:01","date_gmt":"2022-12-14T13:08:01","guid":{"rendered":"https:\/\/www.spring-reiter.de\/?p=59066"},"modified":"2022-12-14T14:09:24","modified_gmt":"2022-12-14T13:09:24","slug":"festhallen-reitturnier-frankfurt-wetten-auf-hinners-und-vogel","status":"publish","type":"post","link":"https:\/\/www.spring-reiter.de\/en\/index.php\/2022\/12\/14\/festhallen-reitturnier-frankfurt-wetten-auf-hinners-und-vogel\/","title":{"rendered":"Festhallen Reitturnier Frankfurt: Wetten auf Hinners und Vogel"},"content":{"rendered":"\n<blockquote class=\"wp-block-quote is-layout-flow wp-block-quote-is-layout-flow\">\n<figure class=\"wp-block-table\"><table><tbody><tr><td>Der eine hat vor 20 Jahren in der Frankfurter Festhalle seine erste S-Dressur geritten \u2013 und gewonnen. Der andere war noch nie in der Festhalle \u2013 weder als Zuschauer, noch in irgendeiner Funktion. Zusammen sind sie die Leiter des Internationalen Festhallen Reitturniers Frankfurt 2022: Matthias Alexander Rath, Turnierleitung gesamt, und Carsten Rotermund, Leitung Springsport.<br>Ein Speed-Interview mit dem ungleichen Duo kurz vor Turnierbeginn:<br>&nbsp;<br><strong>Was geht schneller \u2013 der Aufbau des Dressurvierecks oder eines Drei-Sterne-Parcours in der Festhalle?<\/strong><br><strong><em>Matthias Alexander Rath (MAR):<\/em><\/strong>&nbsp;Ich habe zehn Leute, um das Viereck aufzubauen, und dann dauert es h\u00f6chstens zehn Minuten.<br><strong><em>Carsten Rotermund (CR):<\/em>&nbsp;<\/strong>Im Aufbauteam der Parcours habe ich auch zehn bis 15 Personen. Das ist eine sehr erfahrene Truppe, die teilweise auch zusammen in Stuttgart arbeitet. Weil sie so gut sind, k\u00f6nnen sie einen Parcours auch in knapp zehn Minuten aufbauen.<br><strong><em>MAR lachend:&nbsp;<\/em><\/strong>Laut Zeitplan d\u00fcrfen sie auch gar nicht l\u00e4nger brauchen.<br><strong><em>CR:<\/em><\/strong>&nbsp;In Stuttgart ist der Zeitplan auch eng, das schaffen sie.<br>&nbsp;<br><strong>Wie sieht Ihr Mittwoch aus \u2013 der Tag, bevor es losgeht?<\/strong><br><strong><em>MAR:&nbsp;<\/em><\/strong>Ich werde vormittags in die Festhalle fahren, durch alle G\u00e4nge und Hallen laufen und gucken, dass alles fertig wird. Die Ausstellung muss beispielsweise noch fertig ausgebaut werden. Und abends ist die Halle bereits zum Reiten frei. Da werde ich Destacado die Halle zeigen und ihn locker trainieren.<br><em><strong>CR:&nbsp;<\/strong><\/em>Ich werde mich an die Fersen von Matthias heften, ihm \u00fcberall hinterherlaufen und erst mal alle Wege und die Gegebenheiten kennenlernen. Hier und da kann ich sicher auch meine Erfahrung mit einbringen und anpacken, wo ich gebraucht werde.<br><strong>&nbsp;<br>Worauf sind Sie am meisten gespannt?<\/strong><br><em><strong>MAR:<\/strong><\/em>&nbsp;Aus eigener Sicht nat\u00fcrlich auf meine beiden Ritte mit Destacado, den Grand Prix und den Special. Darauf freue ich mich einfach. Und aus Sicht des Turnierleiters freue ich mich insgesamt am meisten auf die Stimmung \u2013 gerade Samstag und Sonntag. Da ich die Vorverkaufszahlen kenne, wei\u00df ich, dass es sehr voll wird. Das wird eine super Stimmung, das macht einfach Spa\u00df.<br><em><strong>Lachend erg\u00e4nzt MAR:<\/strong><\/em>&nbsp;Und Carsten ist auf alles am meisten gespannt \u2013 er kennt ja noch nichts.<br><strong><em>CR:<\/em><\/strong>&nbsp;Ich war ja tats\u00e4chlich noch nie bei dem Turnier, auch nicht als Zuschauer, aber ich habe so viel von der Stimmung geh\u00f6rt. Das muss etwas ganz besonderes sein.<br>&nbsp;<br><strong>Mit einem Blick auf das Programm: Was wird voraussichtlich Ihre Lieblingspr\u00fcfung in den vier Turniertagen?<\/strong><br><strong><em>MAR:<\/em><\/strong>&nbsp;Beim Springen ist das mit Sicherheit am Sonntag der Gro\u00dfe Preis von Hessen, der von der Deutschen Verm\u00f6gensberatung AG pr\u00e4sentiert wird. Das ist nat\u00fcrlich DAS Springen. Und bei der Dressur freue ich mich am meisten auf den Siegerpreis des N\u00dcRNBERGER BURG-POKALs am Samstagabend.<br><strong><em>CR:<\/em><\/strong>&nbsp;Da bin ich \u00e4hnlich unterwegs wie mein Kollege. Ich habe schon viel von dem Siegerpreis des Burg-Pokals auf ClipMyHorse gesehen \u2013 dass da auch Dressurpferde mal springen und so (lacht). (Anm. d. Red.: Gem\u00fcnzt auf die Springeinlage von Ingrid Klimke und Franziskus im Siegerpreis des N\u00dcRNBERGER BURG-POKALs 2016). Darauf bin ich sehr gespannt. Und nat\u00fcrlich auch der Gro\u00dfe Preis am Sonntagnachmittag.<br>&nbsp;<br><strong>Was ist Ihr Tipp \u2013 wer gewinnt den Gro\u00dfen Preis von Hessen 2022?<\/strong><br><strong>CR:&nbsp;<\/strong>Sophie Hinners (kommt ohne Z\u00f6gern).<br><strong>MAR:<\/strong>&nbsp;Richard Vogel (erwidert Rath, ebenfalls ohne Z\u00f6gern)<br><\/td><\/tr><\/tbody><\/table><\/figure>\n<\/blockquote>\n","protected":false},"excerpt":{"rendered":"<p>Der eine hat vor 20 Jahren in der Frankfurter Festhalle seine erste S-Dressur geritten \u2013 und gewonnen. Der andere war noch nie in der Festhalle \u2013 weder als Zuschauer, noch in irgendeiner Funktion. Zusammen sind sie die Leiter des Internationalen Festhallen Reitturniers Frankfurt 2022: Matthias Alexander Rath, Turnierleitung gesamt, und &hellip; <a class=\"kt-excerpt-readmore\" href=\"https:\/\/www.spring-reiter.de\/en\/index.php\/2022\/12\/14\/festhallen-reitturnier-frankfurt-wetten-auf-hinners-und-vogel\/\" aria-label=\"Festhallen Reitturnier Frankfurt: Wetten auf Hinners und Vogel\">Read More<\/a><\/p>\n","protected":false},"author":2,"featured_media":59068,"comment_status":"closed","ping_status":"open","sticky":false,"template":"","format":"standard","meta":{"footnotes":""},"categories":[1],"tags":[],"class_list":["post-59066","post","type-post","status-publish","format-standard","has-post-thumbnail","hentry","category-allgemein"],"translation":{"provider":"WPGlobus","version":"3.0.2","language":"en","enabled_languages":["de","en"],"languages":{"de":{"title":true,"content":true,"excerpt":false},"en":{"title":false,"content":false,"excerpt":false}}},"_links":{"self":[{"href":"https:\/\/www.spring-reiter.de\/en\/index.php\/wp-json\/wp\/v2\/posts\/59066","targetHints":{"allow":["GET"]}}],"collection":[{"href":"https:\/\/www.spring-reiter.de\/en\/index.php\/wp-json\/wp\/v2\/posts"}],"about":[{"href":"https:\/\/www.spring-reiter.de\/en\/index.php\/wp-json\/wp\/v2\/types\/post"}],"author":[{"embeddable":true,"href":"https:\/\/www.spring-reiter.de\/en\/index.php\/wp-json\/wp\/v2\/users\/2"}],"replies":[{"embeddable":true,"href":"https:\/\/www.spring-reiter.de\/en\/index.php\/wp-json\/wp\/v2\/comments?post=59066"}],"version-history":[{"count":0,"href":"https:\/\/www.spring-reiter.de\/en\/index.php\/wp-json\/wp\/v2\/posts\/59066\/revisions"}],"wp:featuredmedia":[{"embeddable":true,"href":"https:\/\/www.spring-reiter.de\/en\/index.php\/wp-json\/wp\/v2\/media\/59068"}],"wp:attachment":[{"href":"https:\/\/www.spring-reiter.de\/en\/index.php\/wp-json\/wp\/v2\/media?parent=59066"}],"wp:term":[{"taxonomy":"category","embeddable":true,"href":"https:\/\/www.spring-reiter.de\/en\/index.php\/wp-json\/wp\/v2\/categories?post=59066"},{"taxonomy":"post_tag","embeddable":true,"href":"https:\/\/www.spring-reiter.de\/en\/index.php\/wp-json\/wp\/v2\/tags?post=59066"}],"curies":[{"name":"wp","href":"https:\/\/api.w.org\/{rel}","templated":true}]}}