{"id":59450,"date":"2023-01-05T22:55:57","date_gmt":"2023-01-05T21:55:57","guid":{"rendered":"https:\/\/www.spring-reiter.de\/?p=59450"},"modified":"2023-01-06T09:48:49","modified_gmt":"2023-01-06T08:48:49","slug":"fei-springdirektor-marco-fuste-gestorben","status":"publish","type":"post","link":"https:\/\/www.spring-reiter.de\/en\/index.php\/2023\/01\/05\/fei-springdirektor-marco-fuste-gestorben\/","title":{"rendered":"FEI Springdirektor Marco Fuste gestorben"},"content":{"rendered":"\n<p>Er war \u00fcberall dabei und mitten drin: Jetzt wurde der erst 60-j\u00e4hrige Marco Fuste, Springdirektor der Federation Equestre Internationale (FEI), pl\u00f6tzlich aus dem Leben gerissen. Auf seinen Social Media Kan\u00e4len wurde die traurige Nachricht bekannt gegeben: <\/p>\n\n\n\n<p>&#8220;Mit gro\u00dfer Trauer geben wir den Tod von Marco Fuste, unserem geliebten Vater, Ehemann, Sohn, Freund und Kollegen bekannt. Er hat sein ganzes Leben seiner Passion, dem Springreiten, gewidmet und wir hoffen, sein Erbe wird mit Liebe und Ehre weitergef\u00fchrt.&#8221; <\/p>\n\n\n\n<p>Der Spanier Marco Fuste war am 1. Februar 2021 zum neuen Springdirektor der FEI ernannt worden, des globalen Dachverbands f\u00fcr Pferdesport. Er war bis dahin, seit 2006, Direktor f\u00fcr Springen beim spanischen Reitsportverband und Equipechef des spanischen Springteams. <\/p>\n\n\n\n<p>\u201eAls FEI Jumping Director ernannt zu werden, ist absolut mein Traumberuf\u201c, sagte Marco Fuste damals. \u201ePferde und Pferdesport, insbesondere Springen, sind schon so lange ein Teil meines Lebens, und ich sehe diese neue Rolle als H\u00f6hepunkt meiner Karriere. Das Springen ist bereits die gr\u00f6\u00dfte Disziplin der FEI, und obwohl ich die damit verbundenen Herausforderungen kenne, sehe ich auch gro\u00dfe Chancen f\u00fcr eine weitere Expansion, insbesondere in S\u00fcdamerika, damit wir den Sport breiter entwickeln k\u00f6nnen. Ich kann es kaum erwarten loszulegen.&#8221;<\/p>\n\n\n\n<p>Seine lebenslange Liebe zu Pferden begann im Alter von sieben Jahren, als sein Gro\u00dfvater ihn mitten in Barcelona auf eine Reitschule brachte. Bevor er an der Universit\u00e4t von Barcelona Jura studierte, ritt er auf spanischen nationalen Turnieren. Er war von 2011 bis 2015 Mitglied des FEI-Springkomitees und Mitglied der Spring- und Nationencup-Arbeitsgruppen der European Equestrian Federation (EEF). Er arbeitete bei den Olympischen Spielen 1992 in Barcelona wie bei den FEI World Equestrian Games 2002 in Jerez (ESP) mit. Marco Fuste ist Tr\u00e4ger der Goldmedaille der Real Federaci\u00f3n H\u00edpica Espa\u00f1ola, der h\u00f6chsten Auszeichnung des spanischen Verbandes.<\/p>\n\n\n\n<p>Beruflich begann seine Karriere 1986, als er als Event Manager bei der spanischen Sportveranstaltungsorganisation Organizaci\u00f3n y Gesti\u00f3n Deportiva S.A anfing, bevor er neun Jahre lang in der World League of American Football, der NFL Europe und der NFL Europe League t\u00e4tig war. Anschlie\u00dfend wechselte er die Sportart und wurde General Manager bei der Royal Spanish Tennis Federation, wobei Spanien w\u00e4hrend seiner Amtszeit seinen ersten Davis Cup-Sieg erzielte. 2001 gr\u00fcndete er Barcelona Sports Consulting, eine Spezialfirma, die Pferdeturniere organisiert und direkt mit Organisationskomitees zusammenarbeitet, bevor er zu seiner Position beim spanischen Nationalverband wechselte.<\/p>\n\n\n\n<p>\u201eMarco Fuste ist ma\u00dfgeschneidert f\u00fcr die Rolle des Springdirektors bei der FEI\u201c, sagte FEI-Generalsekret\u00e4rin Sabrina Ib\u00e1\u00f1ez bei der Ernennung. \u201eEr verf\u00fcgt auch \u00fcber wertvolles Fachwissen in der Sportwelt au\u00dferhalb des Fachbereichs Pferdesport und war als Athlet, Veranstalter und Equipechef aus allen Blickwinkeln in unseren Sport involviert. Er hat auch praktische Governance-Erfahrung bei der National Federation und auf internationaler Ebene als Mitglied des FEI Jumping Committee. Er hat enzyklop\u00e4dische Kenntnisse der Springdisziplin und wird von allen im Sport respektiert und bewundert. Wir freuen uns sehr, ihn im Hauptquartier begr\u00fc\u00dfen zu d\u00fcrfen. \u201c<\/p>\n\n\n\n<p>Jetzt hat Marco Fuste die Reitwelt verlassen. spring-reiter.de trauert mit den Angeh\u00f6rigen und w\u00fcnscht viel Kraft f\u00fcr die kommende Zeit. <\/p>\n","protected":false},"excerpt":{"rendered":"<p>Er war \u00fcberall dabei und mitten drin: Jetzt wurde der erst 60-j\u00e4hrige Marco Fuste, Springdirektor der Federation Equestre Internationale (FEI), pl\u00f6tzlich aus dem Leben gerissen. Auf seinen Social Media Kan\u00e4len wurde die traurige Nachricht bekannt gegeben: &#8220;Mit gro\u00dfer Trauer geben wir den Tod von Marco Fuste, unserem geliebten Vater, Ehemann, &hellip; <a class=\"kt-excerpt-readmore\" href=\"https:\/\/www.spring-reiter.de\/en\/index.php\/2023\/01\/05\/fei-springdirektor-marco-fuste-gestorben\/\" aria-label=\"FEI Springdirektor Marco Fuste gestorben\">Read More<\/a><\/p>\n","protected":false},"author":2,"featured_media":38223,"comment_status":"closed","ping_status":"open","sticky":false,"template":"","format":"standard","meta":{"footnotes":""},"categories":[1],"tags":[],"class_list":["post-59450","post","type-post","status-publish","format-standard","has-post-thumbnail","hentry","category-allgemein"],"translation":{"provider":"WPGlobus","version":"3.0.2","language":"en","enabled_languages":["de","en"],"languages":{"de":{"title":true,"content":true,"excerpt":false},"en":{"title":false,"content":false,"excerpt":false}}},"_links":{"self":[{"href":"https:\/\/www.spring-reiter.de\/en\/index.php\/wp-json\/wp\/v2\/posts\/59450","targetHints":{"allow":["GET"]}}],"collection":[{"href":"https:\/\/www.spring-reiter.de\/en\/index.php\/wp-json\/wp\/v2\/posts"}],"about":[{"href":"https:\/\/www.spring-reiter.de\/en\/index.php\/wp-json\/wp\/v2\/types\/post"}],"author":[{"embeddable":true,"href":"https:\/\/www.spring-reiter.de\/en\/index.php\/wp-json\/wp\/v2\/users\/2"}],"replies":[{"embeddable":true,"href":"https:\/\/www.spring-reiter.de\/en\/index.php\/wp-json\/wp\/v2\/comments?post=59450"}],"version-history":[{"count":0,"href":"https:\/\/www.spring-reiter.de\/en\/index.php\/wp-json\/wp\/v2\/posts\/59450\/revisions"}],"wp:featuredmedia":[{"embeddable":true,"href":"https:\/\/www.spring-reiter.de\/en\/index.php\/wp-json\/wp\/v2\/media\/38223"}],"wp:attachment":[{"href":"https:\/\/www.spring-reiter.de\/en\/index.php\/wp-json\/wp\/v2\/media?parent=59450"}],"wp:term":[{"taxonomy":"category","embeddable":true,"href":"https:\/\/www.spring-reiter.de\/en\/index.php\/wp-json\/wp\/v2\/categories?post=59450"},{"taxonomy":"post_tag","embeddable":true,"href":"https:\/\/www.spring-reiter.de\/en\/index.php\/wp-json\/wp\/v2\/tags?post=59450"}],"curies":[{"name":"wp","href":"https:\/\/api.w.org\/{rel}","templated":true}]}}