{"id":59515,"date":"2023-01-07T17:15:32","date_gmt":"2023-01-07T16:15:32","guid":{"rendered":"https:\/\/www.spring-reiter.de\/?p=59515"},"modified":"2023-01-07T17:44:54","modified_gmt":"2023-01-07T16:44:54","slug":"nisse-lueneburg-verlaesst-stall-tops","status":"publish","type":"post","link":"https:\/\/www.spring-reiter.de\/en\/index.php\/2023\/01\/07\/nisse-lueneburg-verlaesst-stall-tops\/","title":{"rendered":"Nisse L\u00fcneburg verl\u00e4\u00dft Stall Tops"},"content":{"rendered":"\n<p>Vor einem Jahr zog es Nisse L\u00fcneburg weg aus Norddeutschland in die Niederlande: Jetzt ist das Gastspiel im Stall des Global Champions Tour Gr\u00fcnders Jan Tops schon wieder vorbei. Ende Januar wird der dreifache Hamburger-Derby-Sieger aus Hellingen den Stall in Valkenswaard verlassen. Warum will der &#8220;Rider of the year\u201c (2019\/2020) nicht verraten. <\/p>\n\n\n\n<p>&#8220;Ich wei\u00df noch nicht genau, wie es dann f\u00fcr mich weitergehen wird. Wenn sich etwas Spannendes ergeben sollte, dann h\u00e4tte ich nochmal Lust auf was Neues. Ansonsten kann ich mir auch sehr gut vorstellen, etwas Eigenes zu beginnen oder eine Kooperation mit jemandem einzugehen. Mal sehen. Ich freue mich auf jeden Fall darauf&#8221;, erz\u00e4hlt Nisse L\u00fcneburg spring-reiter.de. Vor seinem Job in den Niederlanden war L\u00fcneburg 13 Jahre auf dem Magdalenenhof der Familie Herz vor den Toren Hamburgs\u00a0als Bereiter t\u00e4tig. <\/p>\n\n\n\n<p>Jetzt ist er erst einmal f\u00fcr drei Wochen im spanischen Oliva im Einsatz, noch f\u00fcr den Stall Tops. &#8220;Ich bin dankbar f\u00fcr die aufregende und interessante Zeit, in der ich viel gelernt habe. Ich m\u00f6chte mich ausdr\u00fccklich bei allen f\u00fcr die tolle Zeit bedanken. Es war auf jeden Fall die richtige Entscheidung vor einem Jahr, hierher zu kommen. Jetzt freue ich mich auf drei Wochen Oliva und danach ist es Zeit f\u00fcr etwas Neues.&#8221; <\/p>\n\n\n\n<p>spring-reiter.de dr\u00fcckt dem 34j\u00e4hrigen f\u00fcr den neuen Lebensabschnitt alle Daumen. <\/p>\n","protected":false},"excerpt":{"rendered":"<p>Vor einem Jahr zog es Nisse L\u00fcneburg weg aus Norddeutschland in die Niederlande: Jetzt ist das Gastspiel im Stall des Global Champions Tour Gr\u00fcnders Jan Tops schon wieder vorbei. Ende Januar wird der dreifache Hamburger-Derby-Sieger aus Hellingen den Stall in Valkenswaard verlassen. Warum will der &#8220;Rider of the year\u201c (2019\/2020) &hellip; <a class=\"kt-excerpt-readmore\" href=\"https:\/\/www.spring-reiter.de\/en\/index.php\/2023\/01\/07\/nisse-lueneburg-verlaesst-stall-tops\/\" aria-label=\"Nisse L\u00fcneburg verl\u00e4\u00dft Stall Tops\">Read More<\/a><\/p>\n","protected":false},"author":2,"featured_media":52086,"comment_status":"closed","ping_status":"open","sticky":false,"template":"","format":"standard","meta":{"footnotes":""},"categories":[1],"tags":[],"class_list":["post-59515","post","type-post","status-publish","format-standard","has-post-thumbnail","hentry","category-allgemein"],"translation":{"provider":"WPGlobus","version":"3.0.2","language":"en","enabled_languages":["de","en"],"languages":{"de":{"title":true,"content":true,"excerpt":false},"en":{"title":false,"content":false,"excerpt":false}}},"_links":{"self":[{"href":"https:\/\/www.spring-reiter.de\/en\/index.php\/wp-json\/wp\/v2\/posts\/59515","targetHints":{"allow":["GET"]}}],"collection":[{"href":"https:\/\/www.spring-reiter.de\/en\/index.php\/wp-json\/wp\/v2\/posts"}],"about":[{"href":"https:\/\/www.spring-reiter.de\/en\/index.php\/wp-json\/wp\/v2\/types\/post"}],"author":[{"embeddable":true,"href":"https:\/\/www.spring-reiter.de\/en\/index.php\/wp-json\/wp\/v2\/users\/2"}],"replies":[{"embeddable":true,"href":"https:\/\/www.spring-reiter.de\/en\/index.php\/wp-json\/wp\/v2\/comments?post=59515"}],"version-history":[{"count":0,"href":"https:\/\/www.spring-reiter.de\/en\/index.php\/wp-json\/wp\/v2\/posts\/59515\/revisions"}],"wp:featuredmedia":[{"embeddable":true,"href":"https:\/\/www.spring-reiter.de\/en\/index.php\/wp-json\/wp\/v2\/media\/52086"}],"wp:attachment":[{"href":"https:\/\/www.spring-reiter.de\/en\/index.php\/wp-json\/wp\/v2\/media?parent=59515"}],"wp:term":[{"taxonomy":"category","embeddable":true,"href":"https:\/\/www.spring-reiter.de\/en\/index.php\/wp-json\/wp\/v2\/categories?post=59515"},{"taxonomy":"post_tag","embeddable":true,"href":"https:\/\/www.spring-reiter.de\/en\/index.php\/wp-json\/wp\/v2\/tags?post=59515"}],"curies":[{"name":"wp","href":"https:\/\/api.w.org\/{rel}","templated":true}]}}