{"id":59550,"date":"2023-01-09T15:16:22","date_gmt":"2023-01-09T14:16:22","guid":{"rendered":"https:\/\/www.spring-reiter.de\/?p=59550"},"modified":"2023-01-09T15:32:59","modified_gmt":"2023-01-09T14:32:59","slug":"top-besetzung-bei-weltcup-etappe-in-basel","status":"publish","type":"post","link":"https:\/\/www.spring-reiter.de\/en\/index.php\/2023\/01\/09\/top-besetzung-bei-weltcup-etappe-in-basel\/","title":{"rendered":"Top-Besetzung bei Weltcup-Etappe in Basel"},"content":{"rendered":"\n<p>In Basel geht es dieses Wochenende wieder auf die Jagd nach wertvollen Weltcup-Punkten: Daniel Deusser hat sein Ticket f\u00fcr das Weltcup-Finale in Omaha schon mal sicher: Mit 60 Punkten auf dem Haben-Konto, zwei zweiten Pl\u00e4tzen bei den Weltcup-Etappen in Madrid und London sowie Platz drei in Mechelen,  ist der 41-j\u00e4hrige sicher unter den Top 18 startberechtigten Reitern dabei.  Double D rangiert derzeit im Ranking auf Platz zwei hinter dem Schweden Henrik von Eckermann, der stolze 68 Punkte sein Eignen nennen kann. Nach Basel kommt Deusser mit seiner Killer Queen VDM (v. Eldorado vd Zeshoek) trotzdem. <\/p>\n\n\n\n<p>Noch ohne Weltcup-Punkte ist Christian Ahlmann, der Dominator 2000 Z und Mandato vd Neerheide mit in die Schweiz nimmt. Hans-Dieter Dreher steht nach seinem zweiten Platz in Mechelen mit 26 Punkten im Worldcup-Ranking auf Platz 15 und muss f\u00fcr eine Final-Teilnahme in Omaha auch in Basel unbedingt Punkte sammeln. Noch nicht in trockenen T\u00fcchern ist die Final-Teilnahme ebenfalls bei Marcus Ehning mit derzeit 17 Punkten auf Platz 33 im Ranking. Er bringt in Basel Stargold, Calanda und Flower Girl an den Start. <\/p>\n\n\n\n<p>Ebenfalls auf Punkte-Jagd geht Gerrit Nieberg. Mit 20 Punkten auf dem Konto ist auch f\u00fcr den Rolex Grand Prix Sieger aus Aachen noch Luft nach oben. <\/p>\n\n\n\n<p>Nicht im Rennen in dieser Saison ist Philipp Schulze Topphoff, der nach seiner langen Verletzungspause im Weltcup erst wieder Fu\u00df fassen muss. In Basel geht er mit Carla, Clemens da la Lande und Avantus ins Rennen. <\/p>\n\n\n\n<p>Die Startliste f\u00fcr Basel: <a href=\"https:\/\/www.chi-classics-basel.com\/zuschauer\/teilnehmerliste\/\">HIER <\/a><\/p>\n","protected":false},"excerpt":{"rendered":"<p>In Basel geht es dieses Wochenende wieder auf die Jagd nach wertvollen Weltcup-Punkten: Daniel Deusser hat sein Ticket f\u00fcr das Weltcup-Finale in Omaha schon mal sicher: Mit 60 Punkten auf dem Haben-Konto, zwei zweiten Pl\u00e4tzen bei den Weltcup-Etappen in Madrid und London sowie Platz drei in Mechelen, ist der 41-j\u00e4hrige &hellip; <a class=\"kt-excerpt-readmore\" href=\"https:\/\/www.spring-reiter.de\/en\/index.php\/2023\/01\/09\/top-besetzung-bei-weltcup-etappe-in-basel\/\" aria-label=\"Top-Besetzung bei Weltcup-Etappe in Basel\">Read More<\/a><\/p>\n","protected":false},"author":2,"featured_media":59553,"comment_status":"closed","ping_status":"open","sticky":false,"template":"","format":"standard","meta":{"footnotes":""},"categories":[1],"tags":[],"class_list":["post-59550","post","type-post","status-publish","format-standard","has-post-thumbnail","hentry","category-allgemein"],"translation":{"provider":"WPGlobus","version":"3.0.2","language":"en","enabled_languages":["de","en"],"languages":{"de":{"title":true,"content":true,"excerpt":false},"en":{"title":false,"content":false,"excerpt":false}}},"_links":{"self":[{"href":"https:\/\/www.spring-reiter.de\/en\/index.php\/wp-json\/wp\/v2\/posts\/59550","targetHints":{"allow":["GET"]}}],"collection":[{"href":"https:\/\/www.spring-reiter.de\/en\/index.php\/wp-json\/wp\/v2\/posts"}],"about":[{"href":"https:\/\/www.spring-reiter.de\/en\/index.php\/wp-json\/wp\/v2\/types\/post"}],"author":[{"embeddable":true,"href":"https:\/\/www.spring-reiter.de\/en\/index.php\/wp-json\/wp\/v2\/users\/2"}],"replies":[{"embeddable":true,"href":"https:\/\/www.spring-reiter.de\/en\/index.php\/wp-json\/wp\/v2\/comments?post=59550"}],"version-history":[{"count":0,"href":"https:\/\/www.spring-reiter.de\/en\/index.php\/wp-json\/wp\/v2\/posts\/59550\/revisions"}],"wp:featuredmedia":[{"embeddable":true,"href":"https:\/\/www.spring-reiter.de\/en\/index.php\/wp-json\/wp\/v2\/media\/59553"}],"wp:attachment":[{"href":"https:\/\/www.spring-reiter.de\/en\/index.php\/wp-json\/wp\/v2\/media?parent=59550"}],"wp:term":[{"taxonomy":"category","embeddable":true,"href":"https:\/\/www.spring-reiter.de\/en\/index.php\/wp-json\/wp\/v2\/categories?post=59550"},{"taxonomy":"post_tag","embeddable":true,"href":"https:\/\/www.spring-reiter.de\/en\/index.php\/wp-json\/wp\/v2\/tags?post=59550"}],"curies":[{"name":"wp","href":"https:\/\/api.w.org\/{rel}","templated":true}]}}