{"id":59609,"date":"2023-01-12T16:07:16","date_gmt":"2023-01-12T15:07:16","guid":{"rendered":"https:\/\/www.spring-reiter.de\/?p=59609"},"modified":"2023-01-12T16:13:41","modified_gmt":"2023-01-12T15:13:41","slug":"philipp-schulze-topphoff-zweiter-im-eroeffnungsspringen-in-basel","status":"publish","type":"post","link":"https:\/\/www.spring-reiter.de\/en\/index.php\/2023\/01\/12\/philipp-schulze-topphoff-zweiter-im-eroeffnungsspringen-in-basel\/","title":{"rendered":"Philipp Schulze Topphoff Zweiter im Er\u00f6ffnungsspringen in Basel"},"content":{"rendered":"\n<p>Das war ein Auftakt nach Ma\u00df f\u00fcr die deutschen Springreiter in Basel: Philipp Schulze Topphoff musste sich im Sattel der zehnj\u00e4hrigen Westfalen-Stute Carla (v. Comme il Faut) im Er\u00f6ffnungsspringen \u00fcber 1,40m mit immerhin 79 Teilnehmern nur Angelica Augustsson Zanotelli und Fire Loops 2 M (v. Florencio 2) geschlagen geben. <\/p>\n\n\n\n<p>Die Schwedin hatte den Parcours mit dem Oldenburger Wallach, den sie erst seit Oktober letzten Jahres auf Turnieren reitet und f\u00fcr den es die 5*-Premiere war, nach nur 54.17 Sekunden \u00fcber die Ziellinie pilotiert. Philipp Schulze Topphoff und seine Fuchs-Stute waren nach 55.14 Sekunden &#8220;zu Hause&#8221;.  Das erste Podium bei der Weltcup-Etappe in Basel von Victor Bettendorf mit Simolo de la Roque Z (v. Spartacus) auf Platz drei komplettiert.<\/p>\n\n\n\n<p>Eine tolle Runde wie aus dem Lehrbuch zeigten auch Marcus Ehning und die Holsteiner Hickstead-Tochter Flower Girl. Das Paar wurde mit Platz sieben belohnt. Ebenfalls fehlerfrei und platziert waren Gerrit Nieberg und sein Hannoveraner Amigo (v. A Conto Son) auf Rang 12. <\/p>\n\n\n\n<p>Das ganze Ergebnis: <a href=\"https:\/\/www.longinestiming.com\/equestrian\/2023\/longines-chi-classics-basel-basel\/resultlist_03.html\">HIER<\/a><\/p>\n","protected":false},"excerpt":{"rendered":"<p>Das war ein Auftakt nach Ma\u00df f\u00fcr die deutschen Springreiter in Basel: Philipp Schulze Topphoff musste sich im Sattel der zehnj\u00e4hrigen Westfalen-Stute Carla (v. Comme il Faut) im Er\u00f6ffnungsspringen \u00fcber 1,40m mit immerhin 79 Teilnehmern nur Angelica Augustsson Zanotelli und Fire Loops 2 M (v. Florencio 2) geschlagen geben. Die &hellip; <a class=\"kt-excerpt-readmore\" href=\"https:\/\/www.spring-reiter.de\/en\/index.php\/2023\/01\/12\/philipp-schulze-topphoff-zweiter-im-eroeffnungsspringen-in-basel\/\" aria-label=\"Philipp Schulze Topphoff Zweiter im Er\u00f6ffnungsspringen in Basel\">Read More<\/a><\/p>\n","protected":false},"author":2,"featured_media":59612,"comment_status":"closed","ping_status":"open","sticky":false,"template":"","format":"standard","meta":{"footnotes":""},"categories":[1],"tags":[],"class_list":["post-59609","post","type-post","status-publish","format-standard","has-post-thumbnail","hentry","category-allgemein"],"translation":{"provider":"WPGlobus","version":"3.0.2","language":"en","enabled_languages":["de","en"],"languages":{"de":{"title":true,"content":true,"excerpt":false},"en":{"title":false,"content":false,"excerpt":false}}},"_links":{"self":[{"href":"https:\/\/www.spring-reiter.de\/en\/index.php\/wp-json\/wp\/v2\/posts\/59609","targetHints":{"allow":["GET"]}}],"collection":[{"href":"https:\/\/www.spring-reiter.de\/en\/index.php\/wp-json\/wp\/v2\/posts"}],"about":[{"href":"https:\/\/www.spring-reiter.de\/en\/index.php\/wp-json\/wp\/v2\/types\/post"}],"author":[{"embeddable":true,"href":"https:\/\/www.spring-reiter.de\/en\/index.php\/wp-json\/wp\/v2\/users\/2"}],"replies":[{"embeddable":true,"href":"https:\/\/www.spring-reiter.de\/en\/index.php\/wp-json\/wp\/v2\/comments?post=59609"}],"version-history":[{"count":0,"href":"https:\/\/www.spring-reiter.de\/en\/index.php\/wp-json\/wp\/v2\/posts\/59609\/revisions"}],"wp:featuredmedia":[{"embeddable":true,"href":"https:\/\/www.spring-reiter.de\/en\/index.php\/wp-json\/wp\/v2\/media\/59612"}],"wp:attachment":[{"href":"https:\/\/www.spring-reiter.de\/en\/index.php\/wp-json\/wp\/v2\/media?parent=59609"}],"wp:term":[{"taxonomy":"category","embeddable":true,"href":"https:\/\/www.spring-reiter.de\/en\/index.php\/wp-json\/wp\/v2\/categories?post=59609"},{"taxonomy":"post_tag","embeddable":true,"href":"https:\/\/www.spring-reiter.de\/en\/index.php\/wp-json\/wp\/v2\/tags?post=59609"}],"curies":[{"name":"wp","href":"https:\/\/api.w.org\/{rel}","templated":true}]}}