{"id":60304,"date":"2023-02-04T20:22:52","date_gmt":"2023-02-04T19:22:52","guid":{"rendered":"https:\/\/www.spring-reiter.de\/?p=60304"},"modified":"2023-02-04T20:22:58","modified_gmt":"2023-02-04T19:22:58","slug":"sophie-hinners-gewinnt-den-grossen-preis-von-riesenbeck","status":"publish","type":"post","link":"https:\/\/www.spring-reiter.de\/en\/index.php\/2023\/02\/04\/sophie-hinners-gewinnt-den-grossen-preis-von-riesenbeck\/","title":{"rendered":"<strong>Sophie Hinners gewinnt den Gro\u00dfen Preis von Riesenbeck<\/strong>"},"content":{"rendered":"\n<p>Im Finale der Gro\u00dfen Tour, dem Gro\u00dfen Preis von Riesenbeck, zeigte wieder einmal Sophie Hinners, was in ihr steckt. Die 25j\u00e4hrige gewann das internationale CSI** Springen \u00fcber einen 1,45 Meter hohen Parcours nach Stechen mit dem 12 Jahre alten Wallach Beryl de Pres (0\/39.33). Zweiter wurde der Stallreiter von Ludger Beerbaum, Philipp Hartmann auf Cool Feeling (0\/40.70). Den dritten Platz belegte Josch L\u00f6hden (0741.66) Elf der 40 Starterpaare waren nach einem anspruchsvollen Umlauf fehlerfrei geblieben.<\/p>\n\n\n\n<p>Sophie Hinners gewann schon das Hauptspringen zum Turnierauftakt am Donnerstag, wurde am Freitag siebte im S-Springen der Gro\u00dfen Tour. Janne Friederike Meyer-Zimmermann war am Donnerstag siebte, am Final-Samstag belegte sie im Gro\u00dfen Preis auf der elfj\u00e4hrigen Stute Cornela nach dem Stechen Platz vier.<\/p>\n\n\n\n<p>Die beiden Reiterinnen Sophie Hinners und Janne Friederike Meyer-Zimmermann verbindet mehr als der jeweils blonde Pferdeschwanz. Beide stammen aus dem aus dem hohen Norden \u2013 Vierden in Niedersachsen und Hamburg \u2013 beide haben einen Mann\/Lebensgef\u00e4hrten, der aus S\u00fcddeutschland kommt. Die M\u00e4nner der beiden sind bekannt als Reiter und Pferdeh\u00e4ndler (Richard Vogel\/Sophie) und als ehemaliger Reiter und Pferdeh\u00e4ndler (Christoph Zimmermann\/Janne). Beide Herren werden in ihrem Tun unterst\u00fctzt durch ihre \u00e4u\u00dferst erfolgreichen Partnerinnen im Springsattel.<\/p>\n\n\n\n<p>Die 42 j\u00e4hrige Janne-Friederike Meyer-Zimmermann kann bereits auf eine glanzvolle internationale Karriere zur\u00fcckblicken: Mannschafts-Gold bei den Weltreiterspielen (2010) und den Europameisterschaften 2011, Deutsche Meisterin bei den Damen 2006 &#8211; und der h\u00f6chst prestigetr\u00e4chtige Sieg im Gro\u00dfen Preis von Aachen 2011.<\/p>\n\n\n\n<p>Sophie Hinners ist erst 25 Jahre alt. &nbsp;Sie wird seit einiger Zeit von der kompletten Riege der internationalen Spitzenreiterei als gr\u00f6\u00dftes Talent gepriesen, stets mit dem anerkennenden Zusatz: \u201esehr flei\u00dfig, \u00e4u\u00dferst nett, zur\u00fcckhaltend und geerdet\u201c. Ihr F\u00f6rderer und Mitbesitzer einiger Pferde, der Niederl\u00e4nder Emile Hendrix, freut sich: \u201eMit Sophie habe ich richtig Gl\u00fcck gehabt.\u201c Ihre bisher wichtigsten Erfolge sind Siege bei EEF-Nationenpreisen mit dem Team, der zweite Platz beim German Masters in Stuttgart 2022.<\/p>\n\n\n\n<p>Zwischen zwei Springpr\u00fcfungen in Riesenbeck finden die Reiterinnen Zeit f\u00fcr ein Gespr\u00e4ch.<\/p>\n\n\n\n<p><strong>Sophie: Was k\u00f6nnen Sie von Janne-Friederike lernen oder abschauen?<\/strong><\/p>\n\n\n\n<p>Sophie: Vielleicht, dass man als Frau auch dieselben Chancen hat und im Sport erfolgreich sein kann. Und dass dabei Familie und Springsport bis hin zur Weltspitze Hand in Hand gehen k\u00f6nnen. Janne hat nach der Geburt ihres Sohnes wieder schnell Anschluss gefunden und ist ein sehr gutes Beispiel auch f\u00fcr Frauen in meinem Alter, die irgendwann ja auch mal eine Familie gr\u00fcnden und weiterhin den Spitzen-Reitsport aus\u00fcben wollen.<\/p>\n\n\n\n<p><strong>Janne-Friederike: Was w\u00fcrden Sie Sophie hinsichtlich ihrer weiteren Karriere empfehlen?<\/strong><\/p>\n\n\n\n<p>Janne: Ich glaube, dass sie auf dem richtigen Weg ist. Sie zeigt konstant gute Runden mit unterschiedlichen Pferden. Um dies weiterzuf\u00fchren, braucht sie keine Tipps von mir. Das Einzige, was ich ihr sagen m\u00f6chte ist, dass es immer auf und ab geht im Leben wie im Sport. Sollte es so weit kommen, soll sie so weitermachen und geduldig sein. Ich bin davon \u00fcberzeugt: Sophie macht ihren Weg.<\/p>\n\n\n\n<p><strong>Sie starten an diesem Wochenende hier in Riesenbeck. Sie beide waren beide bereits \u00f6fter hier zu Gast. Warum haben Sie dieses Turnier ausgesucht?&nbsp;<\/strong><\/p>\n\n\n\n<p>Janne: Weil die Bedingungen hier sehr gut sind. Wir haben zwei Hengste dabei, die im Deckeinsatz sind. Da brauche ich solide Boxen, die hoch genug sind. Ein anderes Pferd von mir ist etwas \u00e4ngstlich auf dem Abreiteplatz. Deshalb sch\u00e4tze ich die Pl\u00e4tze drau\u00dfen. Ich habe auch keine Sorge, dass die Pferde nicht zur Ruhe kommen. Es ist hier alles durchdacht.<\/p>\n\n\n\n<p>Sophie: Ich habe dieses Turnier, bei dem ich immer super gern reite,&nbsp; als Vorbereitung f\u00fcr Neum\u00fcnster ausgew\u00e4hlt. Dort findet das Finale der Riders Tour statt. Janne f\u00fchrt, ich rangiere an zweiter Stelle. Die ersten drei Platzierten gewinnen jeweils an Auto. Es w\u00e4re toll, wenn wir beiden dabei w\u00e4ren.<\/p>\n\n\n\n<p><strong>Gibt es in Ihrem Jahreskalender 2023 ein Turnier, bei dem Sie unbedingt teilnehmen wollen?<\/strong><\/p>\n\n\n\n<p>Janne: Ja. Bei unserem eigenen Turnier im Hof Waterkant, wo wir nat\u00fcrlich auch am Start sein werden. Ansonsten habe ich mehrere Ziele. Das Weltcupfinale in Omaha, dann freue ich mich jedes Jahr auf Hamburg und auf das CHIO Aachen.<\/p>\n\n\n\n<p>Sophie: Mein gr\u00f6\u00dftes Ziel ist, wieder beim CHIO in Aachen reiten zu k\u00f6nnen. Ich durfte 2021 schon einmal in der Gro\u00dfen Tour starten.&nbsp; Aachen ist das Lieblingsturnier von fast allen Reitern. Wenn unser Stall mit Richie, David (Richard Vogel, David Will) und mir dabei w\u00e4ren, dann w\u00e4re das super.<\/p>\n\n\n\n<p><strong>Sie beide sind seit einiger Zeit professionell im Gesch\u00e4ft, haben Pferde ausgebildet und erfolgreich vorgestellt, die dann verkauft worden sind. Wie gehen Sie damit emotional um? Wird es leichter, je mehr Pferde denn Stall verlassen?<\/strong><\/p>\n\n\n\n<p>Janne: Wir leben davon, dass Pferde verkauft werden m\u00fcssen. Man wei\u00df das von vornherein. Wenn man ein Pferd behalten kann, weil man es selbst gez\u00fcchtet hat oder weil es einem schon von Jugend an geh\u00f6rt, dann ist das eher ein Einzelfall. Viele Besitzer oder Z\u00fcchter vertrauen uns ihr Pferd an und geben es uns zur Vermarktung. Dann empfinde ich es als Privileg, ein gutes Pferd auszubilden und vorzustellen, um es dann in Topph\u00e4nde geben zu k\u00f6nnen.&nbsp; Das hat dann Vorrang und ich bin in der Verantwortung. Wenn ich das wei\u00df, ist es in Ordnung. Aber nat\u00fcrlich ist es nicht leicht, ein Pferd abzugeben, mit dem man zusammengewachsen ist.<\/p>\n\n\n\n<p>Sophie: Es ist bei keinem Pferd leicht, wenn es den Stall verl\u00e4sst und man ihm hinterher trauert. Aber auf der anderen Seite bin ich damit aufgewachsen, das geh\u00f6rte von klein auf dazu. So ist unser Gesch\u00e4ft. Ich freue mich, wenn ich Pferde reiten darf, die ich verbessern kann und die andere Leute dann gern haben wollen. Es ist eine Best\u00e4tigung f\u00fcr meine Arbeit, wenn es unter einem anderen Reiter auch gut l\u00e4uft. Wie Janne schon sagte, es ist ein Privileg. Und wenn ein Pferd geht, kommt daf\u00fcr ein neues in den Stall. Gerade diese Herausforderung, sich immer wieder auf neue Aufgaben einzustellen, neue Charaktere kennenzulernen, das macht mir Spa\u00df.<\/p>\n\n\n\n<p><strong>Gibt es so was wie ein Damen-Netzwerk, um sich im Reitsport Unterst\u00fctzung zu holen? Oder findet die vielgepriesene Gleichberechtigung der Geschlechter im Reitsport tats\u00e4chlich statt?&nbsp;<\/strong><\/p>\n\n\n\n<p>Janne: Ein Damen-Netzwerk gibt es nicht. Nicht, dass ich davon w\u00fcsste. Bis zur Geburt unseres Sohnes h\u00e4tte ich auch gedacht, dass die Gleichberechtigung, die ja ein Alleinstellungsmerkmal in unserem Sport ist, existiert. Beim Thema Mutterschutz sind wir aber an unsere Grenzen gesto\u00dfen. Umso wichtiger war es, dass wir EqualEquest (Initiative f\u00fcr mehr Gleichberechtigung im Sport) gegr\u00fcndet haben. Das hilft auch der n\u00e4chsten Generation \u2013 vielleicht auch Sophie einmal, wenn sie \u00fcber Familienplanung nachdenkt.<\/p>\n\n\n\n<p>Sophie: Mir ist auch kein Netzwerk bekannt. Man hat Freundinnen auf dem Turnier, die zusammenhalten. Bei Janne und Jessica von Bredow- Werndl habe ich erst mitbekommen, dass diese Regel mit dem Mutterschutz nicht gerecht war. Ich hoffe, dass ich einmal davon profitieren kann, was Janne erk\u00e4mpft hat und es in Zukunft Gerechtigkeit f\u00fcr die M\u00fctter gibt.<\/p>\n","protected":false},"excerpt":{"rendered":"<p>Im Finale der Gro\u00dfen Tour, dem Gro\u00dfen Preis von Riesenbeck, zeigte wieder einmal Sophie Hinners, was in ihr steckt. Die 25j\u00e4hrige gewann das internationale CSI** Springen \u00fcber einen 1,45 Meter hohen Parcours nach Stechen mit dem 12 Jahre alten Wallach Beryl de Pres (0\/39.33). Zweiter wurde der Stallreiter von Ludger &hellip; <a class=\"kt-excerpt-readmore\" href=\"https:\/\/www.spring-reiter.de\/en\/index.php\/2023\/02\/04\/sophie-hinners-gewinnt-den-grossen-preis-von-riesenbeck\/\" aria-label=\"&lt;strong&gt;Sophie Hinners gewinnt den Gro\u00dfen Preis von Riesenbeck&lt;\/strong&gt;\">Read More<\/a><\/p>\n","protected":false},"author":2,"featured_media":60305,"comment_status":"closed","ping_status":"open","sticky":false,"template":"","format":"standard","meta":{"footnotes":""},"categories":[1],"tags":[],"class_list":["post-60304","post","type-post","status-publish","format-standard","has-post-thumbnail","hentry","category-allgemein"],"translation":{"provider":"WPGlobus","version":"3.0.2","language":"en","enabled_languages":["de","en"],"languages":{"de":{"title":true,"content":true,"excerpt":false},"en":{"title":false,"content":false,"excerpt":false}}},"_links":{"self":[{"href":"https:\/\/www.spring-reiter.de\/en\/index.php\/wp-json\/wp\/v2\/posts\/60304","targetHints":{"allow":["GET"]}}],"collection":[{"href":"https:\/\/www.spring-reiter.de\/en\/index.php\/wp-json\/wp\/v2\/posts"}],"about":[{"href":"https:\/\/www.spring-reiter.de\/en\/index.php\/wp-json\/wp\/v2\/types\/post"}],"author":[{"embeddable":true,"href":"https:\/\/www.spring-reiter.de\/en\/index.php\/wp-json\/wp\/v2\/users\/2"}],"replies":[{"embeddable":true,"href":"https:\/\/www.spring-reiter.de\/en\/index.php\/wp-json\/wp\/v2\/comments?post=60304"}],"version-history":[{"count":0,"href":"https:\/\/www.spring-reiter.de\/en\/index.php\/wp-json\/wp\/v2\/posts\/60304\/revisions"}],"wp:featuredmedia":[{"embeddable":true,"href":"https:\/\/www.spring-reiter.de\/en\/index.php\/wp-json\/wp\/v2\/media\/60305"}],"wp:attachment":[{"href":"https:\/\/www.spring-reiter.de\/en\/index.php\/wp-json\/wp\/v2\/media?parent=60304"}],"wp:term":[{"taxonomy":"category","embeddable":true,"href":"https:\/\/www.spring-reiter.de\/en\/index.php\/wp-json\/wp\/v2\/categories?post=60304"},{"taxonomy":"post_tag","embeddable":true,"href":"https:\/\/www.spring-reiter.de\/en\/index.php\/wp-json\/wp\/v2\/tags?post=60304"}],"curies":[{"name":"wp","href":"https:\/\/api.w.org\/{rel}","templated":true}]}}