{"id":60751,"date":"2023-02-23T13:31:52","date_gmt":"2023-02-23T12:31:52","guid":{"rendered":"https:\/\/www.spring-reiter.de\/?p=60751"},"modified":"2023-02-23T13:52:38","modified_gmt":"2023-02-23T12:52:38","slug":"fei-bestaetigt-nicht-nur-in-oliva-auch-in-lier-hat-herpes-virus-zugeschlagen","status":"publish","type":"post","link":"https:\/\/www.spring-reiter.de\/en\/index.php\/2023\/02\/23\/fei-bestaetigt-nicht-nur-in-oliva-auch-in-lier-hat-herpes-virus-zugeschlagen\/","title":{"rendered":"FEI best\u00e4tigt: Nicht nur in Oliva, auch in Lier hat Herpes-Virus zugeschlagen!"},"content":{"rendered":"\n<p>Der Albtraum ist zur\u00fcck, der Albtraum mit Namen Herpes! Und er hat nicht nur Oliva in Spanien, sondern auch Lier in Belgien getroffen. Die FEI hat deshalb in den vergangenen 48 Stunden in Absprache mit den jeweiligen nationalen Verb\u00e4nden und Organisationskomitees nach einem best\u00e4tigten EHV-1-Fall in Lier (BEL) und vier best\u00e4tigten F\u00e4llen in Oliva (ESP) die notwendigen Ma\u00dfnahmen ergriffen.<\/p>\n\n\n\n<p>In Lier (BEL) wurde ein Pferd, das am Wochenende Symptome zeigte, sofort isoliert, und nach der Best\u00e4tigung von EHV-1 zu Beginn der Woche wurden das betroffene Pferd und weitere 25 Pferde, die als Kontaktpferde galten, aus der FEI-Datenbank gesperrt.<\/p>\n\n\n\n<p>Die verantwortlichen Personen (PRs) wurden alle benachrichtigt, ebenso wie ihre jeweiligen nationalen Verb\u00e4nde (NFs) und die nationalen leitenden Tier\u00e4rzte (NHVs).<\/p>\n\n\n\n<p>In Oliva (ESP) arbeitet die FEI eng mit dem spanischen Verband, der spanischen Veterin\u00e4rbeh\u00f6rde und dem Organisationskomitee zusammen, nachdem vier F\u00e4lle von EHV-1 best\u00e4tigt wurden. Diese vier Pferde geh\u00f6rten zu den zehn Pferden, die in demselben Stallblock untergebracht waren und Fieber entwickelten. Sie wurden sofort isoliert und getestet, wobei vier von ihnen einen positiven Test auf EHV-1 zeigten. Es gab keine Berichte \u00fcber neurologische Symptome bei diesen Pferden.<\/p>\n\n\n\n<p>Alle Vorsichtsma\u00dfnahmen zur Minimierung des \u00dcbertragungsrisikos wurden rasch ergriffen, und ALLE Pferde, die vom 7. Februar bis zum 22. Februar in Oliva waren &#8211; fast 1.000 Pferde &#8211; wurden in der FEI-Datenbank gesperrt. Dies schlie\u00dft alle Pferde ein, die Oliva bereits verlassen haben, um an anderen FEI-Veranstaltungen teilzunehmen. Auch hier wurden alle PRs und ihre NFs benachrichtigt.<\/p>\n\n\n\n<p>Die 82 Pferde, die im selben Block wie die vier positiv getesteten Pferde untergebracht sind, m\u00fcssen mindestens sieben Tage vor Ort bleiben und m\u00fcssen vor dem Verlassen des Veranstaltungsortes Ma\u00dfnahmen und Testprotokolle erf\u00fcllen, w\u00e4hrend die \u00fcbrigen Pferde den Veranstaltungsort verlassen k\u00f6nnen, sobald sie eine tier\u00e4rztliche Untersuchung vor der Abreise abgeschlossen haben.<\/p>\n\n\n\n<p>Alle in der FEI-Datenbank gesperrten Pferde aus Lier (BEL) und Oliva (ESP) d\u00fcrfen so lange nicht an FEI-Veranstaltungen teilnehmen, bis sie bestimmte Gesundheitsanforderungen erf\u00fcllt haben, die auferlegt wurden, um eine m\u00f6gliche \u00dcbertragung des Virus sowohl auf die eigenen Pferde als auch auf die breitere Pferdepopulation zu minimieren. Zu den obligatorischen Biosicherheitsma\u00dfnahmen geh\u00f6ren die Isolierung f\u00fcr mindestens 21 Tage, die zweimal t\u00e4gliche rektale Temperaturmessung und die Durchf\u00fchrung von Labortests auf EHV-1. Die Pferde k\u00f6nnen nur auf Anraten eines Tierarztes aus der Isolation entlassen werden. Um die Sperre aufzuheben und zu FEI-Veranstaltungen zugelassen zu werden, m\u00fcssen die Pferde alle Protokolle f\u00fcr die Wiederzulassung zu Wettk\u00e4mpfen erf\u00fcllen und die Sperre von der Veterin\u00e4rabteilung der FEI aufheben lassen.&nbsp;<\/p>\n\n\n\n<p>Die FEI erkl\u00e4rte dazu: \u201eWir sind dankbar f\u00fcr die Wachsamkeit der Gemeinschaft in allen Fragen der Biosicherheit und weisen noch einmal auf die Bedeutung der Pferdegesundheitsanforderungen und aller Pr\u00e4ventivma\u00dfnahmen hin, die die Gemeinschaft aktiv anwenden kann, um das Risiko der Krankheits\u00fcbertragung zu minimieren.\u201c<\/p>\n","protected":false},"excerpt":{"rendered":"<p>Der Albtraum ist zur\u00fcck, der Albtraum mit Namen Herpes! Und er hat nicht nur Oliva in Spanien, sondern auch Lier in Belgien getroffen. Die FEI hat deshalb in den vergangenen 48 Stunden in Absprache mit den jeweiligen nationalen Verb\u00e4nden und Organisationskomitees nach einem best\u00e4tigten EHV-1-Fall in Lier (BEL) und vier &hellip; <a class=\"kt-excerpt-readmore\" href=\"https:\/\/www.spring-reiter.de\/en\/index.php\/2023\/02\/23\/fei-bestaetigt-nicht-nur-in-oliva-auch-in-lier-hat-herpes-virus-zugeschlagen\/\" aria-label=\"FEI best\u00e4tigt: Nicht nur in Oliva, auch in Lier hat Herpes-Virus zugeschlagen!\">Read More<\/a><\/p>\n","protected":false},"author":3,"featured_media":21176,"comment_status":"closed","ping_status":"open","sticky":false,"template":"","format":"standard","meta":{"footnotes":""},"categories":[1],"tags":[],"class_list":["post-60751","post","type-post","status-publish","format-standard","has-post-thumbnail","hentry","category-allgemein"],"translation":{"provider":"WPGlobus","version":"3.0.2","language":"en","enabled_languages":["de","en"],"languages":{"de":{"title":true,"content":true,"excerpt":false},"en":{"title":false,"content":false,"excerpt":false}}},"_links":{"self":[{"href":"https:\/\/www.spring-reiter.de\/en\/index.php\/wp-json\/wp\/v2\/posts\/60751","targetHints":{"allow":["GET"]}}],"collection":[{"href":"https:\/\/www.spring-reiter.de\/en\/index.php\/wp-json\/wp\/v2\/posts"}],"about":[{"href":"https:\/\/www.spring-reiter.de\/en\/index.php\/wp-json\/wp\/v2\/types\/post"}],"author":[{"embeddable":true,"href":"https:\/\/www.spring-reiter.de\/en\/index.php\/wp-json\/wp\/v2\/users\/3"}],"replies":[{"embeddable":true,"href":"https:\/\/www.spring-reiter.de\/en\/index.php\/wp-json\/wp\/v2\/comments?post=60751"}],"version-history":[{"count":0,"href":"https:\/\/www.spring-reiter.de\/en\/index.php\/wp-json\/wp\/v2\/posts\/60751\/revisions"}],"wp:featuredmedia":[{"embeddable":true,"href":"https:\/\/www.spring-reiter.de\/en\/index.php\/wp-json\/wp\/v2\/media\/21176"}],"wp:attachment":[{"href":"https:\/\/www.spring-reiter.de\/en\/index.php\/wp-json\/wp\/v2\/media?parent=60751"}],"wp:term":[{"taxonomy":"category","embeddable":true,"href":"https:\/\/www.spring-reiter.de\/en\/index.php\/wp-json\/wp\/v2\/categories?post=60751"},{"taxonomy":"post_tag","embeddable":true,"href":"https:\/\/www.spring-reiter.de\/en\/index.php\/wp-json\/wp\/v2\/tags?post=60751"}],"curies":[{"name":"wp","href":"https:\/\/api.w.org\/{rel}","templated":true}]}}