{"id":61596,"date":"2023-03-29T10:21:43","date_gmt":"2023-03-29T08:21:43","guid":{"rendered":"https:\/\/www.spring-reiter.de\/?p=61596"},"modified":"2023-03-29T10:21:48","modified_gmt":"2023-03-29T08:21:48","slug":"erste-deutsche-meisterschaft-der-u25-springreiter","status":"publish","type":"post","link":"https:\/\/www.spring-reiter.de\/en\/index.php\/2023\/03\/29\/erste-deutsche-meisterschaft-der-u25-springreiter\/","title":{"rendered":"<strong>Erste Deutsche Meisterschaft der U25-Springreiter<\/strong>"},"content":{"rendered":"\n<p>Es wird ein Springsportfest vom 20. bis 23. Juli im Reitsportzentrum Riesenbeck International: An diesen vier Turniertagen treffen sich nicht nur die weltbesten Springreiter zur einzigen Deutschland-Etappe von der Longines Global Champions Tour und der Team-Serie Global Champions League. Erstmals in der Geschichte werden auch die besten nationalen U25-Springreiterinnen und Springreiter der Altersklasse U25 bei Deutschen Meisterschaften um Medaillen k\u00e4mpfen!<\/p>\n\n\n\n<p>\u201eEs ist f\u00fcr uns ein gro\u00dfes Anliegen, dass wir in unserem Sandstadion den deutschen Nachwuchsreiterinnen und &#8211; reitern die Gelegenheit bieten k\u00f6nnen, sich untereinander zu messen \u2013 und gleichzeitig bei einer Veranstaltung gemeinsam mit den internationalen Stars auftreten zu k\u00f6nnen\u201c, sagt Turnierleiter und Riesenbeck International-Gesch\u00e4ftsf\u00fchrer Karsten L\u00fctteken \u00fcber diese Meisterschaft, die in einem mehr als w\u00fcrdigen Rahmen stattfinden wird.<\/p>\n\n\n\n<p>L\u00fctteken betont die Philosophie des Reitsportzentrums seit der ersten Stunde, neben den etablierten Profis auch den Nachwuchsreitern beste Bedingungen f\u00fcr die Austragung ihres Sports zu liefern. \u201eDas machen wir eigentlich seit der ersten Stunde mit der Ausrichtung von Deutschen Jugendmeisterschaften, oder auch am vergangenen Wochenende bei dem Bundesnachwuchschampionat der Ponyreiter.\u201c<\/p>\n\n\n\n<p>Hausherr Ludger Beerbaum ist sich sicher, dass die jungen deutschen Reiter bei einem solchen Highlight viel f\u00fcr ihr weiteres sportliches Leben mitnehmen k\u00f6nnen. \u201eWenn man als junger Mensch mit sportlichen Ambitionen pl\u00f6tzlich hautnah erleben darf, wie die gleichaltrigen Kollegen bereits auf internationalem Niveau agieren, dann ist das schon etwas ganz Besonderes\u201c, erinnert er sich an die Anf\u00e4nge seiner unvergleichlichen Karriere zur\u00fcck. \u201eGerade die Chance zur Teilnahme in einem Weltklasseteam, die die U25-Reiter bei den beiden weltweit ausgetragenen Serien Longines Global Champions Tour und Global Champions League bekommen, ist pr\u00e4gend f\u00fcr eine weitere Karriere.\u201c&nbsp;<\/p>\n\n\n\n<p>Zielgruppe der U25-Meisterschaft sind junge Talente im Alter von 22 bis 25 Jahren, die bereits national auf S-3-Sterne-Niveau oder international in Springen \u00fcber 1,50 Meter platziert sind.&nbsp;<\/p>\n\n\n\n<p>Drei Pr\u00fcfungen mit jeweils Hindernish\u00f6hen um 1,50 Meter gilt es f\u00fcr die Deutsche Meisterschaft zu bew\u00e4ltigen. Die erste Wertung am Donnerstag wird ein Zeitspringen sein, man n\u00e4chsten Tag folgt ein Springen nach Fehlern und Zeit. Die Finalpr\u00fcfung wird mit zwei Uml\u00e4ufen am sp\u00e4ten Samstag-Nachmittag ausgetragen.<\/p>\n\n\n\n<p>Weitere Informationen und Tickets unter:&nbsp;<a href=\"https:\/\/75329.seu1.cleverreach.com\/c\/41956123\/1bf057c01368-rs9vkn\">www.riesenbeck-international.com<\/a><\/p>\n","protected":false},"excerpt":{"rendered":"<p>Es wird ein Springsportfest vom 20. bis 23. Juli im Reitsportzentrum Riesenbeck International: An diesen vier Turniertagen treffen sich nicht nur die weltbesten Springreiter zur einzigen Deutschland-Etappe von der Longines Global Champions Tour und der Team-Serie Global Champions League. Erstmals in der Geschichte werden auch die besten nationalen U25-Springreiterinnen und &hellip; <a class=\"kt-excerpt-readmore\" href=\"https:\/\/www.spring-reiter.de\/en\/index.php\/2023\/03\/29\/erste-deutsche-meisterschaft-der-u25-springreiter\/\" aria-label=\"&lt;strong&gt;Erste Deutsche Meisterschaft der U25-Springreiter&lt;\/strong&gt;\">Read More<\/a><\/p>\n","protected":false},"author":2,"featured_media":61598,"comment_status":"closed","ping_status":"open","sticky":false,"template":"","format":"standard","meta":{"footnotes":""},"categories":[1],"tags":[],"class_list":["post-61596","post","type-post","status-publish","format-standard","has-post-thumbnail","hentry","category-allgemein"],"translation":{"provider":"WPGlobus","version":"3.0.2","language":"en","enabled_languages":["de","en"],"languages":{"de":{"title":true,"content":true,"excerpt":false},"en":{"title":false,"content":false,"excerpt":false}}},"_links":{"self":[{"href":"https:\/\/www.spring-reiter.de\/en\/index.php\/wp-json\/wp\/v2\/posts\/61596","targetHints":{"allow":["GET"]}}],"collection":[{"href":"https:\/\/www.spring-reiter.de\/en\/index.php\/wp-json\/wp\/v2\/posts"}],"about":[{"href":"https:\/\/www.spring-reiter.de\/en\/index.php\/wp-json\/wp\/v2\/types\/post"}],"author":[{"embeddable":true,"href":"https:\/\/www.spring-reiter.de\/en\/index.php\/wp-json\/wp\/v2\/users\/2"}],"replies":[{"embeddable":true,"href":"https:\/\/www.spring-reiter.de\/en\/index.php\/wp-json\/wp\/v2\/comments?post=61596"}],"version-history":[{"count":0,"href":"https:\/\/www.spring-reiter.de\/en\/index.php\/wp-json\/wp\/v2\/posts\/61596\/revisions"}],"wp:featuredmedia":[{"embeddable":true,"href":"https:\/\/www.spring-reiter.de\/en\/index.php\/wp-json\/wp\/v2\/media\/61598"}],"wp:attachment":[{"href":"https:\/\/www.spring-reiter.de\/en\/index.php\/wp-json\/wp\/v2\/media?parent=61596"}],"wp:term":[{"taxonomy":"category","embeddable":true,"href":"https:\/\/www.spring-reiter.de\/en\/index.php\/wp-json\/wp\/v2\/categories?post=61596"},{"taxonomy":"post_tag","embeddable":true,"href":"https:\/\/www.spring-reiter.de\/en\/index.php\/wp-json\/wp\/v2\/tags?post=61596"}],"curies":[{"name":"wp","href":"https:\/\/api.w.org\/{rel}","templated":true}]}}