{"id":62430,"date":"2023-05-02T12:37:22","date_gmt":"2023-05-02T10:37:22","guid":{"rendered":"https:\/\/www.spring-reiter.de\/?p=62430"},"modified":"2023-05-02T12:52:30","modified_gmt":"2023-05-02T10:52:30","slug":"andre-thieme-mit-leihpferd-zum-hamburger-derby","status":"publish","type":"post","link":"https:\/\/www.spring-reiter.de\/en\/index.php\/2023\/05\/02\/andre-thieme-mit-leihpferd-zum-hamburger-derby\/","title":{"rendered":"Andr\u00e9 Thieme mit Leihpferd zum Hamburger Derby"},"content":{"rendered":"\n<p>Das Hamburger Derby ohne Andr\u00e9 Thieme &#8211; das geht gar nicht! Und nat\u00fcrlich wird der dreifache Derby-Sieger auch in diesem Jahr im schwersten Springen der Welt wieder mit von der Partie sein. Und das ist eine kleine \u00dcberraschung. <\/p>\n\n\n\n<p>Noch im letzten Dezember hatte Thieme gegen\u00fcber spring-reiter.de geklagt, dass er leider f\u00fcr das n\u00e4chste Turnier in Hamburg kein Derby-Pferd zur Verf\u00fcgung hat. Sein bisheriges Derby-Pferd Contadur (v. Conteros) ist inzwischen mit Reinhard L\u00fctke Harmann erfolgreich im Parcours unterwegs. Doch jetzt bekommt der amtierende Europameister seinen 15j\u00e4hrigen Oldenburger Star zur\u00fcck &#8211; zumindest vor\u00fcbergehend. <\/p>\n\n\n\n<p>&#8220;Ich habe Contadur noch mal zur\u00fcck bekommen f\u00fcr das Derby und danach Falsterbo. Ich habe mir aber auch mein Nachwuchspferd Paule so ein bisschen trainiert, damit ich schon mal die erste und zweite Quali mitreiten kann. Und damit ich dann n\u00e4chstes Jahr einen Nachfolger habe&#8221;, verr\u00e4t Thieme spring-reiter.de. <\/p>\n\n\n\n<p>Noch im letzten Jahr siegte Thieme mit Contadur in Falsterbo und wurde Dritter beim Hamburger Derby hinter der Siegerin Cassandra Orschel mit Dacara E (v. Cancara) und Frederic Tillmann mit Comanche VI (v. Cellestial). Klar, dass das routinierte Paar auch in diesem Jahr zu den Top-Favoriten auf dem Derby-Rasen z\u00e4hlt. Mit dem neunj\u00e4hrigen gro\u00dfrahmigen Paule S (v. Perigueux) hat der Mecklenburger ein weiteres Ass im \u00c4rmel. Das Derby und Publikumsliebling Andr\u00e9 Thieme, sie m\u00fcssen wohl auch in Zukunft nicht ohne einander auskommen. Und das ist auch gut so. <\/p>\n","protected":false},"excerpt":{"rendered":"<p>Das Hamburger Derby ohne Andr\u00e9 Thieme &#8211; das geht gar nicht! Und nat\u00fcrlich wird der dreifache Derby-Sieger auch in diesem Jahr im schwersten Springen der Welt wieder mit von der Partie sein. Und das ist eine kleine \u00dcberraschung. Noch im letzten Dezember hatte Thieme gegen\u00fcber spring-reiter.de geklagt, dass er leider &hellip; <a class=\"kt-excerpt-readmore\" href=\"https:\/\/www.spring-reiter.de\/en\/index.php\/2023\/05\/02\/andre-thieme-mit-leihpferd-zum-hamburger-derby\/\" aria-label=\"Andr\u00e9 Thieme mit Leihpferd zum Hamburger Derby\">Read More<\/a><\/p>\n","protected":false},"author":2,"featured_media":41660,"comment_status":"closed","ping_status":"open","sticky":false,"template":"","format":"standard","meta":{"footnotes":""},"categories":[1],"tags":[],"class_list":["post-62430","post","type-post","status-publish","format-standard","has-post-thumbnail","hentry","category-allgemein"],"translation":{"provider":"WPGlobus","version":"3.0.2","language":"en","enabled_languages":["de","en"],"languages":{"de":{"title":true,"content":true,"excerpt":false},"en":{"title":false,"content":false,"excerpt":false}}},"_links":{"self":[{"href":"https:\/\/www.spring-reiter.de\/en\/index.php\/wp-json\/wp\/v2\/posts\/62430","targetHints":{"allow":["GET"]}}],"collection":[{"href":"https:\/\/www.spring-reiter.de\/en\/index.php\/wp-json\/wp\/v2\/posts"}],"about":[{"href":"https:\/\/www.spring-reiter.de\/en\/index.php\/wp-json\/wp\/v2\/types\/post"}],"author":[{"embeddable":true,"href":"https:\/\/www.spring-reiter.de\/en\/index.php\/wp-json\/wp\/v2\/users\/2"}],"replies":[{"embeddable":true,"href":"https:\/\/www.spring-reiter.de\/en\/index.php\/wp-json\/wp\/v2\/comments?post=62430"}],"version-history":[{"count":0,"href":"https:\/\/www.spring-reiter.de\/en\/index.php\/wp-json\/wp\/v2\/posts\/62430\/revisions"}],"wp:featuredmedia":[{"embeddable":true,"href":"https:\/\/www.spring-reiter.de\/en\/index.php\/wp-json\/wp\/v2\/media\/41660"}],"wp:attachment":[{"href":"https:\/\/www.spring-reiter.de\/en\/index.php\/wp-json\/wp\/v2\/media?parent=62430"}],"wp:term":[{"taxonomy":"category","embeddable":true,"href":"https:\/\/www.spring-reiter.de\/en\/index.php\/wp-json\/wp\/v2\/categories?post=62430"},{"taxonomy":"post_tag","embeddable":true,"href":"https:\/\/www.spring-reiter.de\/en\/index.php\/wp-json\/wp\/v2\/tags?post=62430"}],"curies":[{"name":"wp","href":"https:\/\/api.w.org\/{rel}","templated":true}]}}