{"id":62503,"date":"2023-05-04T18:39:33","date_gmt":"2023-05-04T16:39:33","guid":{"rendered":"https:\/\/www.spring-reiter.de\/?p=62503"},"modified":"2023-05-04T18:39:38","modified_gmt":"2023-05-04T16:39:38","slug":"henrik-von-eckermann-schreibt-weiter-geschichte-und-baut-seine-fuehrung-in-der-weltrangliste-weiter-aus","status":"publish","type":"post","link":"https:\/\/www.spring-reiter.de\/en\/index.php\/2023\/05\/04\/henrik-von-eckermann-schreibt-weiter-geschichte-und-baut-seine-fuehrung-in-der-weltrangliste-weiter-aus\/","title":{"rendered":"Henrik von Eckermann schreibt weiter Geschichte und baut seine F\u00fchrung in der Weltrangliste weiter aus!"},"content":{"rendered":"\n<p>Er sitzt seit neun Monaten unangefochten ganz oben auf dem Thron: Er ist Team-Olympia-Sieger, Weltmeister und Weltcup-Sieger &#8211; Henrik von Eckermann ist das Ma\u00df der Dinge im internationalen Springsport. Kein Wunder, dass der Schwede die FEI Weltrangliste derzeit mit 3598 Punkten weiter sehr deutlich anf\u00fchrt.  Einen ordentlichen Abstand zur Pole-Postion hat der Franzose Julien Epaillard mit 3005 Punkten. Das ist \u00fcbrigens der gr\u00f6\u00dfte Abstand zwischen den Positionen eins und zwei seit 14 Jahren. <\/p>\n\n\n\n<p>&#8220;Als ich das Armband bekam, war mein erster Gedanke, dass ich wirklich sicherstellen wollte, dass ich nicht der Athlet bin, der den Spitzenplatz f\u00fcr die k\u00fcrzeste Zeit h\u00e4lt. Ich wollte wirklich ein bisschen dranbleiben und es nicht gleich im n\u00e4chsten Monat wieder abgeben. Danach, bei dem Erfolg, den wir hatten, dachte ich, es w\u00e4re sch\u00f6n, ein Jahr lang die Nummer eins zu sein. Und jetzt, mit diesem Vorsprung, k\u00f6nnte das ein Ziel sein, das m\u00f6glich ist. Ich bin also sehr gl\u00fccklich dar\u00fcber&#8221;, freute sich Henrik von Eckermann. <\/p>\n\n\n\n<p>Martin Fuchs musste in diesem Monat Platz drei r\u00e4umen und daf\u00fcr dem US-Amerikaner Mclain Ward Platz mit 2813 Punkten auf dem Haben-Konto Platz machen. Hinter Martin Fuchs auf Rang f\u00fcnf hat sich jetzt der Niederl\u00e4nder Harrie Smolders einsortiert, f\u00fcr ihn ging es eine Position nach oben. Einen ordentlichen Satz auf der Leiter nach oben machte auch sein Landsmann Maikel van der Vleuten, er verbesserte sich von der zehn auf die neue sechs. Unver\u00e4ndert auf Platz sieben residiert der Brasilianer Marlon Modolo Zanotelli vor dem Iren Conor Swail, der drei Pl\u00e4tze abgeben musste. Zur\u00fcck in den Top-den auf Rang neun ist Kent Farrington. Platz zehn h\u00e4lt der Ire Shane Sweetnam, der ebenfalls zwei Pl\u00e4tze abrutschte. <\/p>\n\n\n\n<p>Bester Deutscher ist wie im Vormonat Daniel Deusser auf Rang 12. Deutlich verbessern konnte sich Marcus Ehning, der nun Platz 16 einnimmt. Einen Platz rauf ging es auch f\u00fcr Christian Ahlmann, nun auf Rang 23. Nach oben ging es auf f\u00fcr Europameister Andr\u00e9 Thieme, nun auf Position 33. Gerrit Nieberg rutschte einige Pl\u00e4tze auf Rang 38 ab. Verletzungsbedingt einige Pl\u00e4tze abgeben musste auch Philipp Weishaupt, er rangiert auf Platz 40 gefolgt von David Will und Hans-Dieter Dreher. <\/p>\n\n\n\n<p>Einen Platz nach oben auf die neue 45 ging es f\u00fcr Richard Vogel. Christian Kukuk h\u00e4lt in diesem Monat die Position 48. Janne Friederike Meyer-Zimmermann musste ein paar Pl\u00e4tze abgeben und rutschte von Platz 45 auf die neue 54. Etwas nach unten ging es auch f\u00fcr Jana Wargers, von der 69 auf den neuen Rang 76. Sophie Hinners rutschte von der 85 auf die 87. <\/p>\n\n\n\n<p>Die ganze FEI Weltrangliste: <a href=\"https:\/\/www.fei.org\/jumping\/rankings\/S_WR?ranking=S_WR&amp;year=2023&amp;month=4\">HIER <\/a><\/p>\n\n\n\n<p><\/p>\n","protected":false},"excerpt":{"rendered":"<p>Er sitzt seit neun Monaten unangefochten ganz oben auf dem Thron: Er ist Team-Olympia-Sieger, Weltmeister und Weltcup-Sieger &#8211; Henrik von Eckermann ist das Ma\u00df der Dinge im internationalen Springsport. Kein Wunder, dass der Schwede die FEI Weltrangliste derzeit mit 3598 Punkten weiter sehr deutlich anf\u00fchrt. Einen ordentlichen Abstand zur Pole-Postion &hellip; <a class=\"kt-excerpt-readmore\" href=\"https:\/\/www.spring-reiter.de\/en\/index.php\/2023\/05\/04\/henrik-von-eckermann-schreibt-weiter-geschichte-und-baut-seine-fuehrung-in-der-weltrangliste-weiter-aus\/\" aria-label=\"Henrik von Eckermann schreibt weiter Geschichte und baut seine F\u00fchrung in der Weltrangliste weiter aus!\">Read More<\/a><\/p>\n","protected":false},"author":2,"featured_media":62506,"comment_status":"closed","ping_status":"open","sticky":false,"template":"","format":"standard","meta":{"footnotes":""},"categories":[1],"tags":[],"class_list":["post-62503","post","type-post","status-publish","format-standard","has-post-thumbnail","hentry","category-allgemein"],"translation":{"provider":"WPGlobus","version":"3.0.2","language":"en","enabled_languages":["de","en"],"languages":{"de":{"title":true,"content":true,"excerpt":false},"en":{"title":false,"content":false,"excerpt":false}}},"_links":{"self":[{"href":"https:\/\/www.spring-reiter.de\/en\/index.php\/wp-json\/wp\/v2\/posts\/62503","targetHints":{"allow":["GET"]}}],"collection":[{"href":"https:\/\/www.spring-reiter.de\/en\/index.php\/wp-json\/wp\/v2\/posts"}],"about":[{"href":"https:\/\/www.spring-reiter.de\/en\/index.php\/wp-json\/wp\/v2\/types\/post"}],"author":[{"embeddable":true,"href":"https:\/\/www.spring-reiter.de\/en\/index.php\/wp-json\/wp\/v2\/users\/2"}],"replies":[{"embeddable":true,"href":"https:\/\/www.spring-reiter.de\/en\/index.php\/wp-json\/wp\/v2\/comments?post=62503"}],"version-history":[{"count":0,"href":"https:\/\/www.spring-reiter.de\/en\/index.php\/wp-json\/wp\/v2\/posts\/62503\/revisions"}],"wp:featuredmedia":[{"embeddable":true,"href":"https:\/\/www.spring-reiter.de\/en\/index.php\/wp-json\/wp\/v2\/media\/62506"}],"wp:attachment":[{"href":"https:\/\/www.spring-reiter.de\/en\/index.php\/wp-json\/wp\/v2\/media?parent=62503"}],"wp:term":[{"taxonomy":"category","embeddable":true,"href":"https:\/\/www.spring-reiter.de\/en\/index.php\/wp-json\/wp\/v2\/categories?post=62503"},{"taxonomy":"post_tag","embeddable":true,"href":"https:\/\/www.spring-reiter.de\/en\/index.php\/wp-json\/wp\/v2\/tags?post=62503"}],"curies":[{"name":"wp","href":"https:\/\/api.w.org\/{rel}","templated":true}]}}