{"id":62922,"date":"2023-05-16T22:24:12","date_gmt":"2023-05-16T20:24:12","guid":{"rendered":"https:\/\/www.spring-reiter.de\/?p=62922"},"modified":"2023-05-16T22:24:35","modified_gmt":"2023-05-16T20:24:35","slug":"das-ist-team-germany-beim-eef-nationenpreis-in-peelbergen","status":"publish","type":"post","link":"https:\/\/www.spring-reiter.de\/en\/index.php\/2023\/05\/16\/das-ist-team-germany-beim-eef-nationenpreis-in-peelbergen\/","title":{"rendered":"Das ist Team Germany beim EEF Nationenpreis in Peelbergen"},"content":{"rendered":"\n<p>Nach einem tollen zweiten Platz beim EEF Nationenpreis in Mannheim geht es im Equestrian Centre in Peelbergen an diesem Freitag in die n\u00e4chste EEF-Nationenpreis-Runde. <\/p>\n\n\n\n<p>F\u00fcr Team Germany gehen Ulrich Hensel und Europa H (v. Escudo) an den Start. Das Paar \u00fcberzeugte mit guten Leistungen in Hagen, mit einem vierten Platz \u00fcber 1,60m in Neum\u00fcnster und einem f\u00fcnften Platz vor einer Woche in der Badenia in Mannheim. <\/p>\n\n\n\n<p>Ebenfalls nominiert wurde Sophie Hinners, die Deutsche Meisterin von 2021 und aktive Schleifensammlerin war auch beim CSI4* in Hohen Wieschendorf wieder siegreich. Ebenfalls im roten Jacket in Peelbergen dabei ist Harm Lahde, der mit Oak Grove&#8217;s Commander Bond (v. Comme il Faut) zuletzt den GP Qualifier \u00fcber 1,55m in Hagen gewonnen hat und der sich auch in Hohen Wieschendorf wieder vorne platzieren konnte. <\/p>\n\n\n\n<p>Verst\u00e4rkt wird Team Germany zudem durch Philip Houston, der im April vierter im CSI3* Grand Prix in St. Tropez wurde und von Zoe Osterhoff, die diese Saison ebenfalls schon mehrere vordere CSI4* Platzierungen auf der Haben-Seite hat. <\/p>\n\n\n\n<p>Equipe Chef in Peelbergen ist Marcus D\u00f6ring. Die erste Glocke im EEF Nationenpreis in den Niederlanden ert\u00f6nt um 13.30 Uhr.  clipmyhorse \u00fcbertr\u00e4gt live. <\/p>\n\n\n\n<p>Die Longines EEF Series ist ein Nationenpreiswettbewerb, der in zwei identischen Runden ausgetragen wird. In beiden Runden treten Teams mit jeweils 4 Reitern gegeneinander an. Die Teams gelangen \u00fcber die regionalen Qualifikationsrunden ins Halbfinale, wobei sich die besten 10 Teams f\u00fcr das Finale in Warschau (14.-17. September) qualifizieren.<\/p>\n\n\n\n<p>Die Longines EEF Series Peelbergen dient als regionales Qualifikationsturnier f\u00fcr die Region West, bestehend aus Andorra, Belgien, den Niederlanden, Luxemburg, Frankreich, Spanien, Portugal, Irland, Gro\u00dfbritannien und Monaco. Zus\u00e4tzlich zu den Teams der Region West, die um die Qualifikation k\u00e4mpfen, ist der Nationenpreis beim CSIO3* Peelbergen offen f\u00fcr eingeladene Teams aus der ganzen Welt.<\/p>\n\n\n\n<p>Infos aus Peelbergen: <a href=\"https:\/\/www.longinestiming.com\/equestrian\/2023\/longines-eef-nations-cup-kronenberg-peelbergen\/#area4\">HIER <\/a><\/p>\n","protected":false},"excerpt":{"rendered":"<p>Nach einem tollen zweiten Platz beim EEF Nationenpreis in Mannheim geht es im Equestrian Centre in Peelbergen an diesem Freitag in die n\u00e4chste EEF-Nationenpreis-Runde. F\u00fcr Team Germany gehen Ulrich Hensel und Europa H (v. Escudo) an den Start. Das Paar \u00fcberzeugte mit guten Leistungen in Hagen, mit einem vierten Platz &hellip; <a class=\"kt-excerpt-readmore\" href=\"https:\/\/www.spring-reiter.de\/en\/index.php\/2023\/05\/16\/das-ist-team-germany-beim-eef-nationenpreis-in-peelbergen\/\" aria-label=\"Das ist Team Germany beim EEF Nationenpreis in Peelbergen\">Read More<\/a><\/p>\n","protected":false},"author":2,"featured_media":62196,"comment_status":"closed","ping_status":"open","sticky":false,"template":"","format":"standard","meta":{"footnotes":""},"categories":[1],"tags":[],"class_list":["post-62922","post","type-post","status-publish","format-standard","has-post-thumbnail","hentry","category-allgemein"],"translation":{"provider":"WPGlobus","version":"3.0.2","language":"en","enabled_languages":["de","en"],"languages":{"de":{"title":true,"content":true,"excerpt":false},"en":{"title":false,"content":false,"excerpt":false}}},"_links":{"self":[{"href":"https:\/\/www.spring-reiter.de\/en\/index.php\/wp-json\/wp\/v2\/posts\/62922","targetHints":{"allow":["GET"]}}],"collection":[{"href":"https:\/\/www.spring-reiter.de\/en\/index.php\/wp-json\/wp\/v2\/posts"}],"about":[{"href":"https:\/\/www.spring-reiter.de\/en\/index.php\/wp-json\/wp\/v2\/types\/post"}],"author":[{"embeddable":true,"href":"https:\/\/www.spring-reiter.de\/en\/index.php\/wp-json\/wp\/v2\/users\/2"}],"replies":[{"embeddable":true,"href":"https:\/\/www.spring-reiter.de\/en\/index.php\/wp-json\/wp\/v2\/comments?post=62922"}],"version-history":[{"count":0,"href":"https:\/\/www.spring-reiter.de\/en\/index.php\/wp-json\/wp\/v2\/posts\/62922\/revisions"}],"wp:featuredmedia":[{"embeddable":true,"href":"https:\/\/www.spring-reiter.de\/en\/index.php\/wp-json\/wp\/v2\/media\/62196"}],"wp:attachment":[{"href":"https:\/\/www.spring-reiter.de\/en\/index.php\/wp-json\/wp\/v2\/media?parent=62922"}],"wp:term":[{"taxonomy":"category","embeddable":true,"href":"https:\/\/www.spring-reiter.de\/en\/index.php\/wp-json\/wp\/v2\/categories?post=62922"},{"taxonomy":"post_tag","embeddable":true,"href":"https:\/\/www.spring-reiter.de\/en\/index.php\/wp-json\/wp\/v2\/tags?post=62922"}],"curies":[{"name":"wp","href":"https:\/\/api.w.org\/{rel}","templated":true}]}}