{"id":63525,"date":"2023-06-05T16:33:25","date_gmt":"2023-06-05T14:33:25","guid":{"rendered":"https:\/\/www.spring-reiter.de\/?p=63525"},"modified":"2023-06-05T16:33:47","modified_gmt":"2023-06-05T14:33:47","slug":"neue-weltrangliste-daniel-deusser-ist-zurueck-in-den-top-ten","status":"publish","type":"post","link":"https:\/\/www.spring-reiter.de\/en\/index.php\/2023\/06\/05\/neue-weltrangliste-daniel-deusser-ist-zurueck-in-den-top-ten\/","title":{"rendered":"Neue Weltrangliste: Daniel Deusser ist zur\u00fcck in den Top Ten!"},"content":{"rendered":"\n<p>Die neue Weltrangliste ist auf den ersten drei Pl\u00e4tzen unver\u00e4ndert: Henrik von Eckermann vor Julien Epaillard und McLain Ward. Aber dann: Daniel Deusser ist als bester Deutscher zur\u00fcck in den Top Ten! Vom zw\u00f6lften kletterte er auf den neunten Platz.<\/p>\n\n\n\n<p>W\u00e4hrend der zweitbeste Deutsche Marcus Ehning auf Rang 21 ebenso leicht abgerutscht ist wie Christian Ahlmann auf den 29. Platz, ist dahinter ein zum Teil kr\u00e4ftiger Marsch nach oben f\u00fcr ihre deutschen Teamkollegen zu vermelden:<\/p>\n\n\n\n<p>Europameister Andr\u00e9 Thieme kletterte vom 33. auf den 30. Rang, Gerrit Nieberg vom 38. auf den 33. \u2013 unmittelbar vor Richard Vogel, der vom 45. einen richtigen Sprung auf den 34. Platz machte. Er rangiert damit jetzt vor seinem Partner David Will, der sich von 41 auf 36 ebenfalls deutlich verbesserte. Genauso war es mit Philipp Weishaupt, der vom 40. auf den 37. Rang kletterte. Der neunte Deutsche in den Top 50 ist Hansi Dreher auf Platz 45.<\/p>\n\n\n\n<p>Den gr\u00f6\u00dften Satz nach oben machte von den deutschen Reitern Philipp Schulze Topphoff: Von Platz 228 sauste er aufw\u00e4rts auf Platz 144!<\/p>\n\n\n\n<p>Die komplette neue Weltrangliste <a href=\"https:\/\/data.fei.org\/Ranking\/Search.aspx?rankingCode=S_WR\" target=\"_blank\" rel=\"noreferrer noopener\">hier<\/a><\/p>\n","protected":false},"excerpt":{"rendered":"<p>Die neue Weltrangliste ist auf den ersten drei Pl\u00e4tzen unver\u00e4ndert: Henrik von Eckermann vor Julien Epaillard und McLain Ward. Aber dann: Daniel Deusser ist als bester Deutscher zur\u00fcck in den Top Ten! Vom zw\u00f6lften kletterte er auf den neunten Platz. W\u00e4hrend der zweitbeste Deutsche Marcus Ehning auf Rang 21 ebenso &hellip; <a class=\"kt-excerpt-readmore\" href=\"https:\/\/www.spring-reiter.de\/en\/index.php\/2023\/06\/05\/neue-weltrangliste-daniel-deusser-ist-zurueck-in-den-top-ten\/\" aria-label=\"Neue Weltrangliste: Daniel Deusser ist zur\u00fcck in den Top Ten!\">Read More<\/a><\/p>\n","protected":false},"author":3,"featured_media":63526,"comment_status":"closed","ping_status":"open","sticky":false,"template":"","format":"standard","meta":{"footnotes":""},"categories":[1],"tags":[],"class_list":["post-63525","post","type-post","status-publish","format-standard","has-post-thumbnail","hentry","category-allgemein"],"translation":{"provider":"WPGlobus","version":"3.0.2","language":"en","enabled_languages":["de","en"],"languages":{"de":{"title":true,"content":true,"excerpt":false},"en":{"title":false,"content":false,"excerpt":false}}},"_links":{"self":[{"href":"https:\/\/www.spring-reiter.de\/en\/index.php\/wp-json\/wp\/v2\/posts\/63525","targetHints":{"allow":["GET"]}}],"collection":[{"href":"https:\/\/www.spring-reiter.de\/en\/index.php\/wp-json\/wp\/v2\/posts"}],"about":[{"href":"https:\/\/www.spring-reiter.de\/en\/index.php\/wp-json\/wp\/v2\/types\/post"}],"author":[{"embeddable":true,"href":"https:\/\/www.spring-reiter.de\/en\/index.php\/wp-json\/wp\/v2\/users\/3"}],"replies":[{"embeddable":true,"href":"https:\/\/www.spring-reiter.de\/en\/index.php\/wp-json\/wp\/v2\/comments?post=63525"}],"version-history":[{"count":0,"href":"https:\/\/www.spring-reiter.de\/en\/index.php\/wp-json\/wp\/v2\/posts\/63525\/revisions"}],"wp:featuredmedia":[{"embeddable":true,"href":"https:\/\/www.spring-reiter.de\/en\/index.php\/wp-json\/wp\/v2\/media\/63526"}],"wp:attachment":[{"href":"https:\/\/www.spring-reiter.de\/en\/index.php\/wp-json\/wp\/v2\/media?parent=63525"}],"wp:term":[{"taxonomy":"category","embeddable":true,"href":"https:\/\/www.spring-reiter.de\/en\/index.php\/wp-json\/wp\/v2\/categories?post=63525"},{"taxonomy":"post_tag","embeddable":true,"href":"https:\/\/www.spring-reiter.de\/en\/index.php\/wp-json\/wp\/v2\/tags?post=63525"}],"curies":[{"name":"wp","href":"https:\/\/api.w.org\/{rel}","templated":true}]}}