{"id":64899,"date":"2023-07-18T10:55:37","date_gmt":"2023-07-18T08:55:37","guid":{"rendered":"https:\/\/www.spring-reiter.de\/?p=64899"},"modified":"2023-07-18T11:00:52","modified_gmt":"2023-07-18T09:00:52","slug":"hansi-dreher-auf-den-immenhoefen-startet-meine-komplette-familie","status":"publish","type":"post","link":"https:\/\/www.spring-reiter.de\/en\/index.php\/2023\/07\/18\/hansi-dreher-auf-den-immenhoefen-startet-meine-komplette-familie\/","title":{"rendered":"Hansi Dreher: Auf den Immenh\u00f6fen startet meine komplette Familie"},"content":{"rendered":"\n<p>\u201eHansi\u201c Dreher, S\u00fcdbadener, Nationenpreisreiter, unter den Top 50 der Weltrangliste der Springreiter, Mitglied im Team der \u201eMexico Amigos\u201c in der teuersten Springsportserie der Welt, der Longines Global Champions Tour und Stammgast auf den Immenh\u00f6fen-Donaueschingen. Hans-Dieter Dreher kommt in dieser Woche zum Fest der Pferde auf die Immenh\u00f6fe mit Familie.<br>\u00a0<br><em>Hansi, Du kommst fast direkt aus Aachen, warst Mitglied im Nationenpreisteam f\u00fcr Deutschland, wie war Deine Turnierwoche auf der Soers?<\/em><br><strong>Hans-Dieter Dreher<\/strong>: \u201eEs war ein gutes Wochenende f\u00fcr meine Pferde und mich. Elysium sprang gut im Nationenpreis und im Gro\u00dfen Preis, mit noch etwas mehr Gl\u00fcck bleiben wir fehlerfrei. Alles in allem kann ich sagen, Aachen lief f\u00fcr uns gut!\u201c<\/p>\n\n\n\n<p><em>Als Teamreiter in der Global Champions League nimmst Du Teil an internationalen Turnieren in der ganzen Welt, Eins\u00e4tze und Erfolge unter anderem in Doha und Cannes ben\u00f6tigen eine ziemlich gute Planung. Wie und auch wann machst Du Deine Turnierplanung?<\/em><br><strong>Hans-Dieter Dreher<\/strong>: \u201eZu Anfang des Jahres mache ich f\u00fcr meine Pferde und mich eine grobe Turnierplanung, man mu\u00df etwas flexibel sein, je nachdem wie die Pferde sich anf\u00fchlen, zu welchen Nationenpreiseins\u00e4tzen der Bundestrainer mit einem plant und klar, die Longines Global Champions Tour-Turniere haben auch gro\u00dfen Anteil in meiner Planung.\u201c<br>&nbsp;<br><em>Und wie bringst Du da Deine Familie unter?<\/em><br><strong>Hans-Dieter Dreher<\/strong>: \u201eDiese ist Gott sei Dank genauso flexibel (und lacht).\u201c<br>&nbsp;<br><em>Das \u2018Fest der Pferde\u2018 auf den Immenh\u00f6fen ist seit vielen Jahren fester Bestandteil Deines Turnierkalenders, was macht diese Veranstaltung f\u00fcr Dich aus?<\/em><br><strong>Hans-Dieter Dreher<\/strong>: \u201eJa das stimmt, die Immenh\u00f6fe sind immer ein fester Termin in unserer Turniersaisonplanung. Uns gef\u00e4llt das famili\u00e4re Ambiente, alle Helfer sind super nett und wir seit vielen Jahren auch mit Familie Frese befreundet. Die Bedingungen sind hervorragend und Christian Frese plant \u00fcber das ganze Jahr das Turnier, besucht andere Veranstaltungen in ganz Deutschland, um sich neue Anregungen und Ideen zu holen. Sein Ehrgeiz in jedem Jahr etwas Neues uns Teilnehmern oder den Besuchern zu pr\u00e4sentieren, ist schon bewundernswert.\u201c<\/p>\n\n\n\n<p><em>Die BEMER Riders Tour macht in diesem Jahr zum dritten Mal Station im Reitzentrum Frese. Hast Du einen Start in der Wertungspr\u00fcfung vorgesehen und wenn ja mit welchem Pferd?<\/em><br><strong>Hans-Dieter Dreher<\/strong>: \u201eSehr wahrscheinlich wird hier Cous Cous gehen.\u201c<br>&nbsp;<br><em>Reitsport ist oft Familiensache, bei Euch auch! Euer Sohn Ben, 14 Jahre, international bereits hoch erfolgreich mit internationalen Siegen in Gorla Minore (iTA), Basel (SUI) und Opglabeek (BEL), S\u00fcdbadischer Meister im Springreiten bei den Junioren, wird auch an den Start gehen. Was ist f\u00fcr Dich nervenaufreibender?, die Parcours von Ben oder Deine eigenen Starts?<\/em><br><strong>Hans-Dieter Dreher<\/strong>: \u201eAlso wenn Ben reitet bin ich schon wesentlich angespannter. Er nimmt bereits ein gutes Grundtempo (und grinst).\u201c<br>&nbsp;<br><em>Wieviele Pferde kommen mit auf die Immenh\u00f6fe?<\/em><br><strong>Hans-Dieter Dreher<\/strong>: \u201eIch selbst bringe 4 Pferde mit, Ben reitet, meine Schwester Sylvia, mein Pferdebesitzer und mein Sponsor. Durch die sehr gut durchdachte Ausschreibungen k\u00f6nnen wir alle beim \u201aFest der Pferde\u2018 teilnehmen, es wird ein richtiger Stallausflug auf die Baar.\u201c<\/p>\n\n\n\n<p><em>mmenh\u00f6fe \u2013Familiensache! &nbsp;auf was freut Ihr Euch am meisten f\u00fcr dieses Wochenende?<\/em><br><strong>Hans-Dieter Dreher<\/strong>: \u201eVor allen Dingen, dass meine Familie komplett mitgeht. Hier treffe ich viele Freunde, die ich in der Turniersaison nicht zu oft sehe. Aber auch auf guten Sport und auch ein bisschen auf die Parties am Ende des Tages.\u201c<br>&nbsp;<br>Vielen Dank f\u00fcr das Interview und allen Drehers viel Erfolg auf den Immenh\u00f6fen!<br>&nbsp;<br>Weitere Informationen zu Programm, Anfahrt und Parken finden Sie auf<br><a href=\"https:\/\/amxe.net\/k68140uf-v385n4og-7ndyiepf-t8w\">www.rz-frese.de<\/a>.<br>(KiMa\/ pe&amp;pa)<br><br><strong>Das Fest der Pferde:<\/strong><br><strong>Informationen<\/strong> zu Programm, Anfahrt und Parken finden Sie auf&nbsp;<a href=\"https:\/\/amxe.net\/k68140uf-v385n4og-cow7ycxj-1558\">www.rz-frese.de<\/a>.<br><strong>Karten<\/strong> zum Fest der Pferde, auch f\u00fcr den Showabend, gibt es unter:<br><a href=\"https:\/\/amxe.net\/k68140uf-v385n4og-gk0ha7d2-u33\">Karten und Tickets<\/a><br>Der <strong>Streaming-Dienst<\/strong> www.ClipMyHorse.tv&nbsp;\u00fcbertr\u00e4gt vollumf\u00e4nglich alle Pr\u00fcfungen von den Immenh\u00f6fen<\/p>\n","protected":false},"excerpt":{"rendered":"<p>\u201eHansi\u201c Dreher, S\u00fcdbadener, Nationenpreisreiter, unter den Top 50 der Weltrangliste der Springreiter, Mitglied im Team der \u201eMexico Amigos\u201c in der teuersten Springsportserie der Welt, der Longines Global Champions Tour und Stammgast auf den Immenh\u00f6fen-Donaueschingen. Hans-Dieter Dreher kommt in dieser Woche zum Fest der Pferde auf die Immenh\u00f6fe mit Familie.\u00a0Hansi, Du &hellip; <a class=\"kt-excerpt-readmore\" href=\"https:\/\/www.spring-reiter.de\/en\/index.php\/2023\/07\/18\/hansi-dreher-auf-den-immenhoefen-startet-meine-komplette-familie\/\" aria-label=\"Hansi Dreher: Auf den Immenh\u00f6fen startet meine komplette Familie\">Read More<\/a><\/p>\n","protected":false},"author":3,"featured_media":59362,"comment_status":"closed","ping_status":"open","sticky":false,"template":"","format":"standard","meta":{"footnotes":""},"categories":[1],"tags":[],"class_list":["post-64899","post","type-post","status-publish","format-standard","has-post-thumbnail","hentry","category-allgemein"],"translation":{"provider":"WPGlobus","version":"3.0.2","language":"en","enabled_languages":["de","en"],"languages":{"de":{"title":true,"content":true,"excerpt":false},"en":{"title":false,"content":false,"excerpt":false}}},"_links":{"self":[{"href":"https:\/\/www.spring-reiter.de\/en\/index.php\/wp-json\/wp\/v2\/posts\/64899","targetHints":{"allow":["GET"]}}],"collection":[{"href":"https:\/\/www.spring-reiter.de\/en\/index.php\/wp-json\/wp\/v2\/posts"}],"about":[{"href":"https:\/\/www.spring-reiter.de\/en\/index.php\/wp-json\/wp\/v2\/types\/post"}],"author":[{"embeddable":true,"href":"https:\/\/www.spring-reiter.de\/en\/index.php\/wp-json\/wp\/v2\/users\/3"}],"replies":[{"embeddable":true,"href":"https:\/\/www.spring-reiter.de\/en\/index.php\/wp-json\/wp\/v2\/comments?post=64899"}],"version-history":[{"count":0,"href":"https:\/\/www.spring-reiter.de\/en\/index.php\/wp-json\/wp\/v2\/posts\/64899\/revisions"}],"wp:featuredmedia":[{"embeddable":true,"href":"https:\/\/www.spring-reiter.de\/en\/index.php\/wp-json\/wp\/v2\/media\/59362"}],"wp:attachment":[{"href":"https:\/\/www.spring-reiter.de\/en\/index.php\/wp-json\/wp\/v2\/media?parent=64899"}],"wp:term":[{"taxonomy":"category","embeddable":true,"href":"https:\/\/www.spring-reiter.de\/en\/index.php\/wp-json\/wp\/v2\/categories?post=64899"},{"taxonomy":"post_tag","embeddable":true,"href":"https:\/\/www.spring-reiter.de\/en\/index.php\/wp-json\/wp\/v2\/tags?post=64899"}],"curies":[{"name":"wp","href":"https:\/\/api.w.org\/{rel}","templated":true}]}}