{"id":65305,"date":"2023-08-02T15:20:58","date_gmt":"2023-08-02T13:20:58","guid":{"rendered":"https:\/\/www.spring-reiter.de\/?p=65305"},"modified":"2023-08-02T15:21:01","modified_gmt":"2023-08-02T13:21:01","slug":"em-in-mailand-26-nationen-91-reiter-und-pferde-aber-henrik-von-eckermann-ohne-king-edward","status":"publish","type":"post","link":"https:\/\/www.spring-reiter.de\/en\/index.php\/2023\/08\/02\/em-in-mailand-26-nationen-91-reiter-und-pferde-aber-henrik-von-eckermann-ohne-king-edward\/","title":{"rendered":"EM in Mailand: 26 Nationen, 91 Reiter und Pferde &#8211; aber Henrik von Eckermann ohne King Edward"},"content":{"rendered":"\n<p>Jetzt ist es amtlich: 26 Nationen haben sich und ihre Reiter f\u00fcr die Europameisterschaft im Mail\u00e4nder San Siro Stadium vom 29. August bis 3. September angemeldet. 16 von ihnen werden mit einem Team um die Medaillen k\u00e4mpfen, zehn nur mit Einzelreitern. 15 Nationen werden, so wie Team Deutschland, sogar mit jeweils f\u00fcnf Reitern nach Italien kommen. Alles in allem 91 Reiter mit 91 Pferden. Noch stehen auf der Liste auch die Reservereiter und -pferde, bei Team Deutschland also auch Richard Vogel mit Cepano Baloubet, Jana Wargers mit Dorette, Daniel Deusser mit Killer Queen VDM, Hansi Dreher mit Elysium und Christian Kukuk mit Mumbai. Die endg\u00fcltigen vier beziehungsweise f\u00fcnf Reiter-Pferd-Paare werden erst in einer Woche verk\u00fcndet.<\/p>\n\n\n\n<p>Zu den sch\u00e4rfsten Konkurrenten der deutschen EM-Vizemeister von Riesenbeck und ihres Einzel-Titelverteidigers Andr\u00e9 Thieme geh\u00f6ren sicher die Team-Titelverteidiger aus der Schweiz mit Steve Guerdat und Martin Fuchs, bei denen au\u00dferdem auf der Liste Bryan Balsiger, Elian Baumann, Alain Jufer, Edouard Schmitz, Niklaus Schurtenberg und Janika Sprunger stehen.<\/p>\n\n\n\n<p>Bei den amtierenden Weltmeistern aus Schweden ist Einzel-Weltmeister Henrik von Eckermann mit Iliana gemeldet, nicht mit seinem eisenlosen Titel-Partner King Edward. Au\u00dferdem stehen auf der Liste die Br\u00fcder Peder und Jens Fredricson, Rolf-G\u00f6ran Bengtsson mit dem Holsteiner Verbandshengst Zuccero, Petronella Andersson, Team-Weltmeisterin Malin Baryard-Johnsson, Wilma Hellstr\u00f6m, die gerade in Riesenbeck erfolgreiche Amanda Landeblad, Wilma Hellstr\u00f6m, Fredrik Spetz und die Eckermann-Sch\u00fclerin Evelina Tovek.<\/p>\n\n\n\n<p>Das niederl\u00e4ndische Team wird von Harrie Smolders angef\u00fchrt, die Belgier haben nat\u00fcrlich die Zwillinge Olivier und Nicola Philippaerts dabei, und die gerade in Hickstead so erfolgreichen Briten haben Olympiasieger Ben Maher und Harry Charles angemeldet sowie zwei Whitakers, Donald und Joe, aber nicht ihre Legende John.<\/p>\n\n\n\n<p>Die komplette Liste <a href=\"https:\/\/inside.fei.org\/system\/files\/Nominated%20Entries%20-%20CH-EU-S%202023%20Milano%2C%20San%20Siro%20%28ITA%29%20-%20V1.pdf\" target=\"_blank\" rel=\"noreferrer noopener\">hier<\/a><\/p>\n","protected":false},"excerpt":{"rendered":"<p>Jetzt ist es amtlich: 26 Nationen haben sich und ihre Reiter f\u00fcr die Europameisterschaft im Mail\u00e4nder San Siro Stadium vom 29. August bis 3. September angemeldet. 16 von ihnen werden mit einem Team um die Medaillen k\u00e4mpfen, zehn nur mit Einzelreitern. 15 Nationen werden, so wie Team Deutschland, sogar mit &hellip; <a class=\"kt-excerpt-readmore\" href=\"https:\/\/www.spring-reiter.de\/en\/index.php\/2023\/08\/02\/em-in-mailand-26-nationen-91-reiter-und-pferde-aber-henrik-von-eckermann-ohne-king-edward\/\" aria-label=\"EM in Mailand: 26 Nationen, 91 Reiter und Pferde &#8211; aber Henrik von Eckermann ohne King Edward\">Read More<\/a><\/p>\n","protected":false},"author":3,"featured_media":65306,"comment_status":"closed","ping_status":"open","sticky":false,"template":"","format":"standard","meta":{"footnotes":""},"categories":[1],"tags":[],"class_list":["post-65305","post","type-post","status-publish","format-standard","has-post-thumbnail","hentry","category-allgemein"],"translation":{"provider":"WPGlobus","version":"3.0.2","language":"en","enabled_languages":["de","en"],"languages":{"de":{"title":true,"content":true,"excerpt":false},"en":{"title":false,"content":false,"excerpt":false}}},"_links":{"self":[{"href":"https:\/\/www.spring-reiter.de\/en\/index.php\/wp-json\/wp\/v2\/posts\/65305","targetHints":{"allow":["GET"]}}],"collection":[{"href":"https:\/\/www.spring-reiter.de\/en\/index.php\/wp-json\/wp\/v2\/posts"}],"about":[{"href":"https:\/\/www.spring-reiter.de\/en\/index.php\/wp-json\/wp\/v2\/types\/post"}],"author":[{"embeddable":true,"href":"https:\/\/www.spring-reiter.de\/en\/index.php\/wp-json\/wp\/v2\/users\/3"}],"replies":[{"embeddable":true,"href":"https:\/\/www.spring-reiter.de\/en\/index.php\/wp-json\/wp\/v2\/comments?post=65305"}],"version-history":[{"count":0,"href":"https:\/\/www.spring-reiter.de\/en\/index.php\/wp-json\/wp\/v2\/posts\/65305\/revisions"}],"wp:featuredmedia":[{"embeddable":true,"href":"https:\/\/www.spring-reiter.de\/en\/index.php\/wp-json\/wp\/v2\/media\/65306"}],"wp:attachment":[{"href":"https:\/\/www.spring-reiter.de\/en\/index.php\/wp-json\/wp\/v2\/media?parent=65305"}],"wp:term":[{"taxonomy":"category","embeddable":true,"href":"https:\/\/www.spring-reiter.de\/en\/index.php\/wp-json\/wp\/v2\/categories?post=65305"},{"taxonomy":"post_tag","embeddable":true,"href":"https:\/\/www.spring-reiter.de\/en\/index.php\/wp-json\/wp\/v2\/tags?post=65305"}],"curies":[{"name":"wp","href":"https:\/\/api.w.org\/{rel}","templated":true}]}}