{"id":65327,"date":"2023-08-03T10:22:37","date_gmt":"2023-08-03T08:22:37","guid":{"rendered":"https:\/\/www.spring-reiter.de\/?p=65327"},"modified":"2023-08-03T10:22:40","modified_gmt":"2023-08-03T08:22:40","slug":"turnier-sh-holstein-international-abgesagt","status":"publish","type":"post","link":"https:\/\/www.spring-reiter.de\/en\/index.php\/2023\/08\/03\/turnier-sh-holstein-international-abgesagt\/","title":{"rendered":"Turnier SH Holstein International abgesagt"},"content":{"rendered":"\n<p>2023 h\u00e4tte das Turnier SH Holstein International in den Holstenhallen von Neum\u00fcnster vom 26. bis 29. Oktober zehnj\u00e4hriges Jubil\u00e4um gefeiert. Nun haben sich die verantwortlichen Organisatoren um Initiator Harm Sievers jedoch dazu entschlossen, die Traditionsveranstaltung in diesem Jahr abzusagen.<\/p>\n\n\n\n<p>\u201eDiese Entscheidung ist uns nicht leichtgefallen\u201c, schildert Harm Sievers die Beweggr\u00fcnde f\u00fcr das Aus des beliebten Events in 2023. \u201eIn den vergangenen Jahren war es uns immer m\u00f6glich, das Turnier terminlich mit einer anderen Veranstaltung zu verbinden. Entweder mit den K\u00f6rungen des Trakehner oder Holsteiner Verbandes, oder wie in 2022 mit einer Rinderschau, die eine Woche sp\u00e4ter stattfand. Die Kosten f\u00fcr Technik und das Einbringen des Bodens wurden so halbiert. Eine derartige Konstellation gab es jedoch in diesem Jahr nicht, was erhebliche Mehrkosten in unserer Kalkulation verursacht h\u00e4tte.\u201c<br>Zwar h\u00e4tte Harm Sievers mit seinen Kollegen Thomas Voss und Merve Henningsen fr\u00fch im Jahr mit den Planungen f\u00fcr SH Holstein International begonnen und auch immer wieder das Gespr\u00e4ch mit den Verantwortlichen der Holstenhallen Neum\u00fcnster gesucht. Aber: \u201eWir hatten viele Ideen, wollten zum Beispiel eine Messe in das Programm integrieren. Dann h\u00e4tten wir allerdings das komplette Veranstaltungsgel\u00e4nde mieten m\u00fcssen. Wie alle Dienstleister hat auch die Holstenhalle ihre Preise angehoben und das Projekt scheiterte schlussendlich an der Finanzierbarkeit. Au\u00dferdem nahmen die Gespr\u00e4che und Verhandlungen viele Wochen in Anspruch, sodass uns letztendlich die Zeit davongelaufen ist\u201c, so Sievers. Hinzuk\u00e4me, dass der engagierte Veranstalter in diesem Jahr mit geringeren Nennzahlen rechnete: \u201eDurch die anhaltende Inflation und die gestiegenen Kosten in allen Bereichen erleben wir bundesweit einen R\u00fcckgang bei den Turnierstarts. 2022 waren bei SH Holstein International \u00fcber 480 Pferde dabei mit 332 Reitern aus neun Nationen und \u00fcber die Nenngelder wurde das Turnier nat\u00fcrlich zum Teil mitfinanziert. Ob wir diese Zahlen jetzt im Oktober erreicht h\u00e4tten, ist fraglich.\u201c<\/p>\n\n\n\n<p><strong>Neue Ideen, neues Konzept<\/strong><\/p>\n\n\n\n<p>Die Absage von SH Holstein International f\u00fcr 2023 ist jedoch nicht das endg\u00fcltige Ende von internationalem Springsport in Neum\u00fcnster im Herbst. \u201eDen Termin f\u00fcr 2024 haben wir bereits bei den Holstenhallen geblockt. Jetzt haben wir gen\u00fcgend Zeit, um ein tragf\u00e4higes Konzept zu entwickeln, Sponsoren zu akquirieren und mit Ausstellern zu verhandeln, sodass wir im n\u00e4chsten Jahr eine Top-Veranstaltung pr\u00e4sentieren k\u00f6nnen\u201c, ist Harm Sievers zuversichtlich. Die S\u00e4ulen, auf denen das Turnier fu\u00dft und die letztlich f\u00fcr den Erfolg der vergangenen Jahre gesorgt haben, bleiben indes dieselben: \u201eWir wollen Sportlern, die sonst nie die Gelegenheit haben, in den Holstenhallen zu reiten, einen Start erm\u00f6glichen. Dazu kommt der Mix aus Pr\u00fcfungen f\u00fcr die Profis und Amateure, f\u00fcr die Routiniers und den Nachwuchs. Ein Turnier von Reitern f\u00fcr Reiter mit Top-Bedingungen, wo der Pferdesport im Mittelpunkt steht. Das war unser Anspruch, der uns zu einem von Schleswig-Holsteins beliebtesten Springturnieren gemacht hat und das wird er auch bleiben.\u201c<\/p>\n\n\n\n<p>Die traditionelle Ehrung der besten Nachwuchsreiter des Landes und die Verleihung des SH Holstein International Awards \u2013 beides fand seit drei Jahren in Neum\u00fcnster statt \u2013 solle jedoch trotzdem noch in diesem Jahr durchgef\u00fchrt werden. \u201eSobald Termin und Ort gefunden sind, werden wir es kommunizieren. Die jungen Reiter und ihre Eltern und Freunde zum Ende der Saison zusammenzubringen, ist eine sch\u00f6ne Tradition und das soll auf jeden Fall fortgesetzt werden\u201c, fasst Harm Sievers entschlossen zusammen.<\/p>\n","protected":false},"excerpt":{"rendered":"<p>2023 h\u00e4tte das Turnier SH Holstein International in den Holstenhallen von Neum\u00fcnster vom 26. bis 29. Oktober zehnj\u00e4hriges Jubil\u00e4um gefeiert. Nun haben sich die verantwortlichen Organisatoren um Initiator Harm Sievers jedoch dazu entschlossen, die Traditionsveranstaltung in diesem Jahr abzusagen. \u201eDiese Entscheidung ist uns nicht leichtgefallen\u201c, schildert Harm Sievers die Beweggr\u00fcnde &hellip; <a class=\"kt-excerpt-readmore\" href=\"https:\/\/www.spring-reiter.de\/en\/index.php\/2023\/08\/03\/turnier-sh-holstein-international-abgesagt\/\" aria-label=\"Turnier SH Holstein International abgesagt\">Read More<\/a><\/p>\n","protected":false},"author":2,"featured_media":65328,"comment_status":"closed","ping_status":"open","sticky":false,"template":"","format":"standard","meta":{"footnotes":""},"categories":[1],"tags":[],"class_list":["post-65327","post","type-post","status-publish","format-standard","has-post-thumbnail","hentry","category-allgemein"],"translation":{"provider":"WPGlobus","version":"3.0.2","language":"en","enabled_languages":["de","en"],"languages":{"de":{"title":true,"content":true,"excerpt":false},"en":{"title":false,"content":false,"excerpt":false}}},"_links":{"self":[{"href":"https:\/\/www.spring-reiter.de\/en\/index.php\/wp-json\/wp\/v2\/posts\/65327","targetHints":{"allow":["GET"]}}],"collection":[{"href":"https:\/\/www.spring-reiter.de\/en\/index.php\/wp-json\/wp\/v2\/posts"}],"about":[{"href":"https:\/\/www.spring-reiter.de\/en\/index.php\/wp-json\/wp\/v2\/types\/post"}],"author":[{"embeddable":true,"href":"https:\/\/www.spring-reiter.de\/en\/index.php\/wp-json\/wp\/v2\/users\/2"}],"replies":[{"embeddable":true,"href":"https:\/\/www.spring-reiter.de\/en\/index.php\/wp-json\/wp\/v2\/comments?post=65327"}],"version-history":[{"count":0,"href":"https:\/\/www.spring-reiter.de\/en\/index.php\/wp-json\/wp\/v2\/posts\/65327\/revisions"}],"wp:featuredmedia":[{"embeddable":true,"href":"https:\/\/www.spring-reiter.de\/en\/index.php\/wp-json\/wp\/v2\/media\/65328"}],"wp:attachment":[{"href":"https:\/\/www.spring-reiter.de\/en\/index.php\/wp-json\/wp\/v2\/media?parent=65327"}],"wp:term":[{"taxonomy":"category","embeddable":true,"href":"https:\/\/www.spring-reiter.de\/en\/index.php\/wp-json\/wp\/v2\/categories?post=65327"},{"taxonomy":"post_tag","embeddable":true,"href":"https:\/\/www.spring-reiter.de\/en\/index.php\/wp-json\/wp\/v2\/tags?post=65327"}],"curies":[{"name":"wp","href":"https:\/\/api.w.org\/{rel}","templated":true}]}}