{"id":65680,"date":"2023-08-18T15:14:20","date_gmt":"2023-08-18T13:14:20","guid":{"rendered":"https:\/\/www.spring-reiter.de\/?p=65680"},"modified":"2023-08-18T15:14:23","modified_gmt":"2023-08-18T13:14:23","slug":"coolio-wechselt-von-marcel-marschall-zu-marcus-ehning","status":"publish","type":"post","link":"https:\/\/www.spring-reiter.de\/en\/index.php\/2023\/08\/18\/coolio-wechselt-von-marcel-marschall-zu-marcus-ehning\/","title":{"rendered":"Coolio wechselt von Marcel Marschall zu Marcus Ehning!"},"content":{"rendered":"\n<p>Er ist mit seinen erst zehn Jahren schon ziemlich erfahren und erfolgreich: Der Holsteiner Coolio (v. Casalito x Quidam de Revel) hat mit seinem bisherigen Reiter Marcel Marschall schon etliche Male f\u00fcr Aufsehen gesorgt. Erst im Mai wurden die beiden Vierte im Gro\u00dfen Preis von Mannheim, der Badenia. <\/p>\n\n\n\n<p>Es folgten vordere Platzierungen u.a. in Hamburg und ein erfolgreicher Nationenpreis-Einsatz f\u00fcr Deutschland in St. Gallen, wo das Team von Otto Becker Bronze holte. <\/p>\n\n\n\n<p>Nun wechselt Coolio in den Stall von Marcus Ehning. Das hat der Meister im Springsattel jetzt gegen\u00fcber spring-reiter.de best\u00e4tigt. Der Schwarzbraune wurde f\u00fcr Ehning von der Firma Elmrock BV, der Familie DeMartini gesichert. Der Familie geh\u00f6ren auch Ehnings Top-Pferde Stargold und DPS Revere. <\/p>\n\n\n\n<p>Wann Ehning Coolio das erste Mal auf einem Turnier reiten wird, steht allerdings noch nicht fest. Ehning zu spring-reiter.de: &#8220;Da gibt es noch keinen Plan.&#8221; <\/p>\n","protected":false},"excerpt":{"rendered":"<p>Er ist mit seinen erst zehn Jahren schon ziemlich erfahren und erfolgreich: Der Holsteiner Coolio (v. Casalito x Quidam de Revel) hat mit seinem bisherigen Reiter Marcel Marschall schon etliche Male f\u00fcr Aufsehen gesorgt. Erst im Mai wurden die beiden Vierte im Gro\u00dfen Preis von Mannheim, der Badenia. Es folgten &hellip; <a class=\"kt-excerpt-readmore\" href=\"https:\/\/www.spring-reiter.de\/en\/index.php\/2023\/08\/18\/coolio-wechselt-von-marcel-marschall-zu-marcus-ehning\/\" aria-label=\"Coolio wechselt von Marcel Marschall zu Marcus Ehning!\">Read More<\/a><\/p>\n","protected":false},"author":2,"featured_media":65677,"comment_status":"closed","ping_status":"open","sticky":false,"template":"","format":"standard","meta":{"footnotes":""},"categories":[1],"tags":[],"class_list":["post-65680","post","type-post","status-publish","format-standard","has-post-thumbnail","hentry","category-allgemein"],"translation":{"provider":"WPGlobus","version":"3.0.2","language":"en","enabled_languages":["de","en"],"languages":{"de":{"title":true,"content":true,"excerpt":false},"en":{"title":false,"content":false,"excerpt":false}}},"_links":{"self":[{"href":"https:\/\/www.spring-reiter.de\/en\/index.php\/wp-json\/wp\/v2\/posts\/65680","targetHints":{"allow":["GET"]}}],"collection":[{"href":"https:\/\/www.spring-reiter.de\/en\/index.php\/wp-json\/wp\/v2\/posts"}],"about":[{"href":"https:\/\/www.spring-reiter.de\/en\/index.php\/wp-json\/wp\/v2\/types\/post"}],"author":[{"embeddable":true,"href":"https:\/\/www.spring-reiter.de\/en\/index.php\/wp-json\/wp\/v2\/users\/2"}],"replies":[{"embeddable":true,"href":"https:\/\/www.spring-reiter.de\/en\/index.php\/wp-json\/wp\/v2\/comments?post=65680"}],"version-history":[{"count":0,"href":"https:\/\/www.spring-reiter.de\/en\/index.php\/wp-json\/wp\/v2\/posts\/65680\/revisions"}],"wp:featuredmedia":[{"embeddable":true,"href":"https:\/\/www.spring-reiter.de\/en\/index.php\/wp-json\/wp\/v2\/media\/65677"}],"wp:attachment":[{"href":"https:\/\/www.spring-reiter.de\/en\/index.php\/wp-json\/wp\/v2\/media?parent=65680"}],"wp:term":[{"taxonomy":"category","embeddable":true,"href":"https:\/\/www.spring-reiter.de\/en\/index.php\/wp-json\/wp\/v2\/categories?post=65680"},{"taxonomy":"post_tag","embeddable":true,"href":"https:\/\/www.spring-reiter.de\/en\/index.php\/wp-json\/wp\/v2\/tags?post=65680"}],"curies":[{"name":"wp","href":"https:\/\/api.w.org\/{rel}","templated":true}]}}