{"id":65831,"date":"2023-08-25T19:23:08","date_gmt":"2023-08-25T17:23:08","guid":{"rendered":"https:\/\/www.spring-reiter.de\/?p=65831"},"modified":"2023-08-25T19:23:12","modified_gmt":"2023-08-25T17:23:12","slug":"kristaps-neretnieks-und-michael-jung-dominieren-ersten-tag-in-muenster","status":"publish","type":"post","link":"https:\/\/www.spring-reiter.de\/en\/index.php\/2023\/08\/25\/kristaps-neretnieks-und-michael-jung-dominieren-ersten-tag-in-muenster\/","title":{"rendered":"Kristaps Neretnieks und Michael Jung dominieren ersten Tag in M\u00fcnster"},"content":{"rendered":"\n<p>Das war ein erfolgreicher Tag f\u00fcr den 34 Jahre alten Letten Kristaps Neretnieks: Nachdem er schon am Freitagmorgen den zweiten Platz im Er\u00f6ffnungsspringen erreicht hatte, entschied er am Abend die Springpr\u00fcfung der Gro\u00dfen Tour, den BRINKHOFF\u2019S No. 1-Preis, f\u00fcr sich.\u00a0<\/p>\n\n\n\n<p>Mit dem Hengst Palladium KJV (v. Lancer II) h\u00e4ngte er im internationalen Fehler-Zeit-Springen der Klasse CSI4* die Konkurrenz ab. Im 1,50 Meter hohen Parcours gelang dem Paar eine Null-Fehler-Runde in 61,71 Sekunden. Das bedeutete den Sieg!\u00a0<\/p>\n\n\n\n<p>Auf Platz zwei jubelte erneut Michael Jung: Schon in der Pr\u00fcfung zuvor, der Mittleren Tour, hatte er den Sieg davongetragen. Diesmal reichte es mit der Stute fischerChelsea (v. Check In) f\u00fcr Platz Zwei. Auf Platz drei sprangen Hans-Dieter Dreher und Vestmalle des Cotis (v. Baloubet du Rouet) vor dem Schweden Douglas Lindel\u00f6w auf Cheldon (v. Chacco-Blue). Denis Lynch und Cornets Iberio (v. Cornet Obolensky) wurden F\u00fcnfte.<\/p>\n\n\n\n<p>Alle Ergebnisse aus M\u00fcnster: <a href=\"https:\/\/results.hippodata.de\/2023\/2332\/html\/de\/hippodata\/index.html\">HIER\u00a0<\/a><\/p>\n","protected":false},"excerpt":{"rendered":"<p>Das war ein erfolgreicher Tag f\u00fcr den 34 Jahre alten Letten Kristaps Neretnieks: Nachdem er schon am Freitagmorgen den zweiten Platz im Er\u00f6ffnungsspringen erreicht hatte, entschied er am Abend die Springpr\u00fcfung der Gro\u00dfen Tour, den BRINKHOFF\u2019S No. 1-Preis, f\u00fcr sich.\u00a0 Mit dem Hengst Palladium KJV (v. Lancer II) h\u00e4ngte er &hellip; <a class=\"kt-excerpt-readmore\" href=\"https:\/\/www.spring-reiter.de\/en\/index.php\/2023\/08\/25\/kristaps-neretnieks-und-michael-jung-dominieren-ersten-tag-in-muenster\/\" aria-label=\"Kristaps Neretnieks und Michael Jung dominieren ersten Tag in M\u00fcnster\">Read More<\/a><\/p>\n","protected":false},"author":2,"featured_media":65834,"comment_status":"closed","ping_status":"open","sticky":false,"template":"","format":"standard","meta":{"footnotes":""},"categories":[1],"tags":[],"class_list":["post-65831","post","type-post","status-publish","format-standard","has-post-thumbnail","hentry","category-allgemein"],"translation":{"provider":"WPGlobus","version":"3.0.2","language":"en","enabled_languages":["de","en"],"languages":{"de":{"title":true,"content":true,"excerpt":false},"en":{"title":false,"content":false,"excerpt":false}}},"_links":{"self":[{"href":"https:\/\/www.spring-reiter.de\/en\/index.php\/wp-json\/wp\/v2\/posts\/65831","targetHints":{"allow":["GET"]}}],"collection":[{"href":"https:\/\/www.spring-reiter.de\/en\/index.php\/wp-json\/wp\/v2\/posts"}],"about":[{"href":"https:\/\/www.spring-reiter.de\/en\/index.php\/wp-json\/wp\/v2\/types\/post"}],"author":[{"embeddable":true,"href":"https:\/\/www.spring-reiter.de\/en\/index.php\/wp-json\/wp\/v2\/users\/2"}],"replies":[{"embeddable":true,"href":"https:\/\/www.spring-reiter.de\/en\/index.php\/wp-json\/wp\/v2\/comments?post=65831"}],"version-history":[{"count":0,"href":"https:\/\/www.spring-reiter.de\/en\/index.php\/wp-json\/wp\/v2\/posts\/65831\/revisions"}],"wp:featuredmedia":[{"embeddable":true,"href":"https:\/\/www.spring-reiter.de\/en\/index.php\/wp-json\/wp\/v2\/media\/65834"}],"wp:attachment":[{"href":"https:\/\/www.spring-reiter.de\/en\/index.php\/wp-json\/wp\/v2\/media?parent=65831"}],"wp:term":[{"taxonomy":"category","embeddable":true,"href":"https:\/\/www.spring-reiter.de\/en\/index.php\/wp-json\/wp\/v2\/categories?post=65831"},{"taxonomy":"post_tag","embeddable":true,"href":"https:\/\/www.spring-reiter.de\/en\/index.php\/wp-json\/wp\/v2\/tags?post=65831"}],"curies":[{"name":"wp","href":"https:\/\/api.w.org\/{rel}","templated":true}]}}