{"id":65928,"date":"2023-08-28T11:54:17","date_gmt":"2023-08-28T09:54:17","guid":{"rendered":"https:\/\/www.spring-reiter.de\/?p=65928"},"modified":"2023-08-28T11:54:23","modified_gmt":"2023-08-28T09:54:23","slug":"vier-derby-sieger-kommen-nach-paderborn","status":"publish","type":"post","link":"https:\/\/www.spring-reiter.de\/en\/index.php\/2023\/08\/28\/vier-derby-sieger-kommen-nach-paderborn\/","title":{"rendered":"Vier Derby-Sieger kommen nach Paderborn"},"content":{"rendered":"\n<p>Im Mai verzauberte der erst 21 Jahre alte Springreiter Marvin J\u00fcngel zusammen mit seiner herausragenden Stute Balou&#8217;s Erbin die Zuschauer in Hamburg-Klein Flottbek. Eine spektakul\u00e4re Nullrunde im Stechen katapultierte das junge und energiegeladene Duo zum Sieg des renommierten 92. Deutschen Spring-Derbys pr\u00e4sentiert von IDEE KAFFEE in Hamburg. Nun steht der n\u00e4chste gro\u00dfe Auftritt bevor, denn vom 7. bis 10. September wird Marvin J\u00fcngel bei der OWL Challenge in Paderborn an den Start gehen.<br><br>Dort trifft er auf eine ganze Reihe weiterer Derby-Sieger:innen wie Cassandra Orschel (POL), Holger Wulschner und Christian Glienewinkel. Sie schlie\u00dfen sich internationalen Gr\u00f6\u00dfen wie dem zweifachen Europameister von 2005, Marco Kutscher, dem brasilianischen Nationenpreisreiter Thiago Ribas Da Costa und dem deutschen Championatsreiter Mario Stevens an. Gerco Schr\u00f6der (NED), Olympia-Silbermedaillengewinner sowie Team-Europa- und -Weltmeister ist als Stammgast ebenfalls wieder auf dem Sch\u00fctzenplatz am Start. Erg\u00e4nzt wird das beeindruckende Teilnehmerfeld in Paderborn durch hochkar\u00e4tige Reiter wie Lars Bak Andersen (DEN) und Willem Greve (NED), beide mehrfache WM-Teilnehmer und Nationenpreisreiter. Auch die Geschwister Marie und Philipp Schulze Topphoff werden erneut ihr K\u00f6nnen unter Beweis stellen. Au\u00dferdem wird das Siegerpaar des letzten Jahres, Finja Bormann und A Crazy Son of Lavina wieder dabei sein. Die Liste der internationalen Reiter wird abgerundet durch Teilnehmer:innen aus Schweden, Polen, Syrien, Korea, Gro\u00dfbritannien, Kuwait, Portugal, Spanien und den Vereinigten Arabischen Emiraten. Insgesamt werden etwa zehn Nationen an den Start gehen. Dabei d\u00fcrfen die Lokalmatadore wie Tim Rieskamp-Goedeking und Sebastian Holtgr\u00e4ve-Osthues nicht fehlen, die mit ihrer Leidenschaft die Stimmung auf dem Paderborner Sch\u00fctzenplatz anheizen.<br><br>Neben den etablierten Reitern wird die OWL Challenge auch \u00fcber 40 aufstrebende Nachwuchsreiter in den Fokus r\u00fccken. Zum Einen wird den Kleinsten in der TuPaRe Pony-F\u00fchrz\u00fcgel-Trophy die B\u00fchne bereitet, zum Anderen werden talentierte Ponyreiter:innen in der Hagedorn Pony Trophy Tour Youngster an den Start gehen. Allj\u00e4hrlich erreicht die Stimmung auf dem Sch\u00fctzenplatz einen H\u00f6hepunkt am Samstagabend in der regionalen Tour, wenn die Paderborn-Lippstadt Airport \u2013 Team Trophy ausgeritten wird. In dieser Pr\u00fcfung treten Mannschaften aus den Kreisverb\u00e4nden der Region wie in einem Nationenpreis gegeneinander an \u2013 und die Teams bringen lautstarke Unterst\u00fctzung mit.<br><br>Vom 7. bis 10. September 2023 erwartet die Besucher auf dem herrlichen Paderborner Sch\u00fctzenplatz also ein einmaliges und abwechslungsreiches Programm. Sportliche Highlights sind dabei das InPro electric Championat am Samstagnachmittag sowie der Gro\u00dfe Preis von OWL pr\u00e4sentiert von WBI Warner Bau- und Industriemaschinen GmbH am Sonntag. Familienfreundliche Eintrittspreise machen den Besuch f\u00fcr Jung und Alt attraktiv. Tickets sind vor Ort an der Tageskasse erh\u00e4ltlich.&nbsp;<\/p>\n\n\n\n<p>Infos zum Turnier gibt es unter&nbsp;<strong><a href=\"https:\/\/amxe.net\/k68140uf-lnj26h1u-l32uu9cz-9ff\">www.owl-challenge.de<\/a>.<\/strong><\/p>\n","protected":false},"excerpt":{"rendered":"<p>Im Mai verzauberte der erst 21 Jahre alte Springreiter Marvin J\u00fcngel zusammen mit seiner herausragenden Stute Balou&#8217;s Erbin die Zuschauer in Hamburg-Klein Flottbek. Eine spektakul\u00e4re Nullrunde im Stechen katapultierte das junge und energiegeladene Duo zum Sieg des renommierten 92. Deutschen Spring-Derbys pr\u00e4sentiert von IDEE KAFFEE in Hamburg. Nun steht der &hellip; <a class=\"kt-excerpt-readmore\" href=\"https:\/\/www.spring-reiter.de\/en\/index.php\/2023\/08\/28\/vier-derby-sieger-kommen-nach-paderborn\/\" aria-label=\"Vier Derby-Sieger kommen nach Paderborn\">Read More<\/a><\/p>\n","protected":false},"author":2,"featured_media":65931,"comment_status":"closed","ping_status":"open","sticky":false,"template":"","format":"standard","meta":{"footnotes":""},"categories":[1],"tags":[],"class_list":["post-65928","post","type-post","status-publish","format-standard","has-post-thumbnail","hentry","category-allgemein"],"translation":{"provider":"WPGlobus","version":"3.0.2","language":"en","enabled_languages":["de","en"],"languages":{"de":{"title":true,"content":true,"excerpt":false},"en":{"title":false,"content":false,"excerpt":false}}},"_links":{"self":[{"href":"https:\/\/www.spring-reiter.de\/en\/index.php\/wp-json\/wp\/v2\/posts\/65928","targetHints":{"allow":["GET"]}}],"collection":[{"href":"https:\/\/www.spring-reiter.de\/en\/index.php\/wp-json\/wp\/v2\/posts"}],"about":[{"href":"https:\/\/www.spring-reiter.de\/en\/index.php\/wp-json\/wp\/v2\/types\/post"}],"author":[{"embeddable":true,"href":"https:\/\/www.spring-reiter.de\/en\/index.php\/wp-json\/wp\/v2\/users\/2"}],"replies":[{"embeddable":true,"href":"https:\/\/www.spring-reiter.de\/en\/index.php\/wp-json\/wp\/v2\/comments?post=65928"}],"version-history":[{"count":0,"href":"https:\/\/www.spring-reiter.de\/en\/index.php\/wp-json\/wp\/v2\/posts\/65928\/revisions"}],"wp:featuredmedia":[{"embeddable":true,"href":"https:\/\/www.spring-reiter.de\/en\/index.php\/wp-json\/wp\/v2\/media\/65931"}],"wp:attachment":[{"href":"https:\/\/www.spring-reiter.de\/en\/index.php\/wp-json\/wp\/v2\/media?parent=65928"}],"wp:term":[{"taxonomy":"category","embeddable":true,"href":"https:\/\/www.spring-reiter.de\/en\/index.php\/wp-json\/wp\/v2\/categories?post=65928"},{"taxonomy":"post_tag","embeddable":true,"href":"https:\/\/www.spring-reiter.de\/en\/index.php\/wp-json\/wp\/v2\/tags?post=65928"}],"curies":[{"name":"wp","href":"https:\/\/api.w.org\/{rel}","templated":true}]}}