{"id":65934,"date":"2023-08-28T18:06:21","date_gmt":"2023-08-28T16:06:21","guid":{"rendered":"https:\/\/www.spring-reiter.de\/?p=65934"},"modified":"2023-08-28T18:29:43","modified_gmt":"2023-08-28T16:29:43","slug":"der-countdown-laeuft-alle-infos-zur-europameisterschaft-springen-in-mailand","status":"publish","type":"post","link":"https:\/\/www.spring-reiter.de\/en\/index.php\/2023\/08\/28\/der-countdown-laeuft-alle-infos-zur-europameisterschaft-springen-in-mailand\/","title":{"rendered":"Der Countdown l\u00e4uft: Alle Infos zur Europameisterschaft Springen in Mailand"},"content":{"rendered":"\n<p>Die Europameisterschaft der Springreiter in Mailand startet am Dienstag, 29. August. mit dem Vet-Check Bis Sonntag, den 3. September, wird auf der historischen Anlage der Rennbahn San Siro um die Mannschafts- und Einzelmedaillen geritten. Hier sind die wichtigsten Infos rund um die EM.\u00a0<\/p>\n\n\n\n<p><strong>Das Team\u00a0<br><\/strong>Bundestrainer Otto Becker und sein Co-Trainer Marcus D\u00f6ring reisen mit\u00a0Marcus Ehning (Borken) und Stargold, Christian Kukuk (Riesenbeck) und Mumbai, Gerrit Nieberg (Sendenhorst) und Ben, Jana Wargers (Emsdetten)\u00a0und Limbridge sowie Philipp Weishaupt (Riesenbeck) und Zineday nach Mailand.\u00a0<a href=\"https:\/\/www.pferd-aktuell.de\/em2023\/springen-in-mailand\" target=\"_blank\" rel=\"noreferrer noopener\">Mehr Infos zu Reiter und Pferden gibt es hier.\u00a0<\/a><\/p>\n\n\n\n<p><strong>Zeitplan<\/strong><\/p>\n\n\n\n<p>Die Europameisterschaft beginnt am Dienstag, 29. August, mit der Verfassungspr\u00fcfung. Es folgt das Zeitspringen am Mittwoch, 30. August um 13.15 Uhr. Der erste Umlauf der Mannschaftsentscheidung steht am Donnerstag, 31. August um 13.15 Uhr an. Die Mannschaftsmedaillen werden nach dem zweiten Umlauf (13.30 Uhr) am Freitag, 1. September, vergeben. Im Einzelfinale mit zwei Uml\u00e4ufen (12 Uhr und 14.05 Uhr) am Sonntag, 3. September, treten die besten 25, beziehungsweise die besten zw\u00f6lf, Paare \u00fcber alle f\u00fcnf Runden an.<\/p>\n\n\n\n<p><strong>Der Modus <\/strong><\/p>\n\n\n\n<p>Die Europameisterschaften im Springen werden in drei Pr\u00fcfungen ausgetragen. Zum Auftakt steht ein&nbsp;<strong>Zeitspringen<\/strong>&nbsp;auf dem Programm, bei dem die erreichte Zeit und m\u00f6gliche Fehler in Strafpunkte umgerechnet werden. Diese Punkte z\u00e4hlen sowohl f\u00fcr die Einzel- als auch f\u00fcr die Teamentscheidung.<\/p>\n\n\n\n<p>Es folgt die&nbsp;<strong>Mannschaftsentscheidung&nbsp;\u00fcber zwei Uml\u00e4ufe<\/strong>&nbsp;nach Fehlern und Zeit. Die besten zehn Teams aus dem ersten Umlauf bzw. die 50 besten Reiter und Reiterinnen aus Zeitspringen und erstem Umlauf qualifizieren sich f\u00fcr die zweite Runde. Bei Strafpunktgleichheit auf den ersten drei Pl\u00e4tzen folgen Stechen um jede einzelne Medaille, bei denen noch einmal alle vier Teamreiter antreten. F\u00fcr die Teamentscheidung z\u00e4hlen die besten drei Ergebnisse einer Mannschaft, es gibt also ein Streichergebnis.<\/p>\n\n\n\n<p>In der&nbsp;<strong>Einzelentscheidung \u00fcber zwei Uml\u00e4ufe<\/strong>&nbsp;nach Fehlern und Zeit treten die 25 punktbesten Reiter und Reiterinnen aus Zeitspringen und Mannschaftsentscheidung an. Im zweiten Umlauf starten nur noch die zw\u00f6lf Besten, die dann auch alle platziert werden.&nbsp;Bei Strafpunktgleichheit nach beiden Uml\u00e4ufen entscheidet ein Stechen \u00fcber den Sieg.<\/p>\n\n\n\n<p><strong>TV-\u00dcbertragung<\/strong><br>Das ZDF \u00fcbertr\u00e4gt von der Europameisterschaft, die TV-Zeiten\u00a0<a href=\"https:\/\/www.pferd-aktuell.de\/em2023\/springen-in-mailand\" target=\"_blank\" rel=\"noreferrer noopener\">werden kurzfristig hier ver\u00f6ffentlicht.<\/a>\u00a0Dar\u00fcber hinaus wird die gesamte EM auf ClipMyHorse.TV zu sehen sein.\u00a0<\/p>\n\n\n\n<p><strong>Die Titelverteidiger<br><\/strong>Bei der EM 2021 in Riesenbeck haben die deutschen Springreiter die Silbermedaille gewonnen. Gold ging an das Team aus der Schweiz. Den Golderfolg in der Einzelwertung feierten Andr\u00e9 Thieme und DSP Chakaria. Martin Fuchs (SUI) und Peder Fredricson (SWE) sicherten sich Silber und Bronze.&nbsp;<\/p>\n\n\n\n<p><strong>Italiens EM-Historie<br><\/strong>Italien war bereits mehrfach Gastgeber f\u00fcr Spring-Europameisterschaften: Zweimal ritten die Damen in Italien um EM-Titel \u2013 1958 in Palermo und 1968 in Rom, einmal die Herren, 1963 in Rom und 2005 war San Patrignano Gastgeber der Team- und Einzel-Europameisterschaften. 2023 werden nun in Mailand die 37. Spring-Europameisterschaften ausgetragen.<\/p>\n\n\n\n<p><strong>Historie<br><\/strong>Die Europameisterschaften der Springreiter wurden zum ersten Mal 1957 in Rotterdam ausgetragen. Der erste Europameister hie\u00df damals Hans G\u00fcnter Winkler. Bei dieser EM-Premiere gingen nur die Herren an den Start, die Damen trugen ihre erste EM ebenfalls 1957 aus, aber im belgischen Spa, wo die Britin Pat Smythe Gold gewann. Bis 1975 gab es getrennte Europameisterschaften f\u00fcr Damen und Herren. Ebenfalls 1975 wurden die Europameisterschaften f\u00fcr Mannschaften eingef\u00fchrt. Die Premiere fand in M\u00fcnchen statt, das deutsche Herren-Quartett gewann Gold.&nbsp;<\/p>\n\n\n\n<p><strong>Die EM-Location<br><\/strong>Die Europameisterschaft 2023 findet auf der Rennbahn San Siro statt, einer historischen Anlage, die 1920 vom Architekten Paolo Vietti im Jugendstil erbaut wurde. Sie erstreckt sich \u00fcber eine Fl\u00e4che von 1.600.000 Quadratmetern und ist die einzige Pferdesportanlage, die zum Denkmal von nationalem Interesse erkl\u00e4rt wurde. 2021 wurde das Pferdesportstadion komplett modernisiert. Neben neuen Hindernis- und Gel\u00e4ndestrecken gibt es zwei Trabrennbahnen, eine Bahn f\u00fcr Allwetter-Flachrennen und einen Bereich f\u00fcr internationale Pferdesportwettbewerbe \u2013 inklusive dem 108\u00d775 Meter gro\u00dfen EM-Grasplatz.<\/p>\n\n\n\n<p><strong>Weltweit gr\u00f6\u00dfte Pferdestatue<br><\/strong>1488 entwarf Leonardo da Vinci im Auftrag des damaligen Herzogs von Mailand ein monstr\u00f6ses Reiterstandbild, aber die Statue wurde nie gebaut. 500 Jahre sp\u00e4ter machte die Stiftung \u201eLeonordo Da Vinci\u2018s Horse\u201c die Umsetzung m\u00f6glich und beauftragte die amerikanische Bildhauerin Nina Akumu mit der Herstellung nach Leonardos Zeichnungen. Heute steht das 15 Tonnen schwere Pferd mit einer H\u00f6he von 7,20 Metern im Hippodrom San Siro.<\/p>\n","protected":false},"excerpt":{"rendered":"<p>Die Europameisterschaft der Springreiter in Mailand startet am Dienstag, 29. August. mit dem Vet-Check Bis Sonntag, den 3. September, wird auf der historischen Anlage der Rennbahn San Siro um die Mannschafts- und Einzelmedaillen geritten. Hier sind die wichtigsten Infos rund um die EM.\u00a0 Das Team\u00a0Bundestrainer Otto Becker und sein Co-Trainer &hellip; <a class=\"kt-excerpt-readmore\" href=\"https:\/\/www.spring-reiter.de\/en\/index.php\/2023\/08\/28\/der-countdown-laeuft-alle-infos-zur-europameisterschaft-springen-in-mailand\/\" aria-label=\"Der Countdown l\u00e4uft: Alle Infos zur Europameisterschaft Springen in Mailand\">Read More<\/a><\/p>\n","protected":false},"author":2,"featured_media":65936,"comment_status":"closed","ping_status":"open","sticky":false,"template":"","format":"standard","meta":{"footnotes":""},"categories":[1],"tags":[],"class_list":["post-65934","post","type-post","status-publish","format-standard","has-post-thumbnail","hentry","category-allgemein"],"translation":{"provider":"WPGlobus","version":"3.0.2","language":"en","enabled_languages":["de","en"],"languages":{"de":{"title":true,"content":true,"excerpt":false},"en":{"title":false,"content":false,"excerpt":false}}},"_links":{"self":[{"href":"https:\/\/www.spring-reiter.de\/en\/index.php\/wp-json\/wp\/v2\/posts\/65934","targetHints":{"allow":["GET"]}}],"collection":[{"href":"https:\/\/www.spring-reiter.de\/en\/index.php\/wp-json\/wp\/v2\/posts"}],"about":[{"href":"https:\/\/www.spring-reiter.de\/en\/index.php\/wp-json\/wp\/v2\/types\/post"}],"author":[{"embeddable":true,"href":"https:\/\/www.spring-reiter.de\/en\/index.php\/wp-json\/wp\/v2\/users\/2"}],"replies":[{"embeddable":true,"href":"https:\/\/www.spring-reiter.de\/en\/index.php\/wp-json\/wp\/v2\/comments?post=65934"}],"version-history":[{"count":0,"href":"https:\/\/www.spring-reiter.de\/en\/index.php\/wp-json\/wp\/v2\/posts\/65934\/revisions"}],"wp:featuredmedia":[{"embeddable":true,"href":"https:\/\/www.spring-reiter.de\/en\/index.php\/wp-json\/wp\/v2\/media\/65936"}],"wp:attachment":[{"href":"https:\/\/www.spring-reiter.de\/en\/index.php\/wp-json\/wp\/v2\/media?parent=65934"}],"wp:term":[{"taxonomy":"category","embeddable":true,"href":"https:\/\/www.spring-reiter.de\/en\/index.php\/wp-json\/wp\/v2\/categories?post=65934"},{"taxonomy":"post_tag","embeddable":true,"href":"https:\/\/www.spring-reiter.de\/en\/index.php\/wp-json\/wp\/v2\/tags?post=65934"}],"curies":[{"name":"wp","href":"https:\/\/api.w.org\/{rel}","templated":true}]}}