{"id":65992,"date":"2023-08-31T18:28:04","date_gmt":"2023-08-31T16:28:04","guid":{"rendered":"https:\/\/www.spring-reiter.de\/?p=65992"},"modified":"2023-08-31T18:54:20","modified_gmt":"2023-08-31T16:54:20","slug":"kopf-an-kopf-rennen-deutschland-uebernimmt-fuehrung-bei-europameisterschaft-in-mailand","status":"publish","type":"post","link":"https:\/\/www.spring-reiter.de\/en\/index.php\/2023\/08\/31\/kopf-an-kopf-rennen-deutschland-uebernimmt-fuehrung-bei-europameisterschaft-in-mailand\/","title":{"rendered":"Kopf an Kopf Rennen: Deutschland \u00fcbernimmt F\u00fchrung bei Europameisterschaft in Mailand"},"content":{"rendered":"\n<p>&#8220;Die Euro hat definitiv einen Tag zu fr\u00fch begonnen&#8221;, lachte Otto Becker nach der zweiten Runde bei den Europameisterschaften der Springreiter in Mailand. Der Bundestrainer hatte gut lachen, nach einer enormen Leistungssteigerung, einer fulminanten Aufholjagd und ein wenig Pech bei der bis dahin f\u00fchrenden Konkurrenz hat sich Team Deutschland vor dem Finale am Freitag (13.30 Uhr) die Pole-Postion gesichert. Auch Einzel-Medaillen sind in deutscher Reichweite: Drei deutsche Reiter Weishaupt (2), Kukuk (9) und Wargers (11) sind unter den Top-11 in der Einzelwertung. <\/p>\n\n\n\n<p>Mit 9.31 Strafpunkten liegt das Team von Otto Becker in F\u00fchrung und hat damit die Mannschaft der Schweden mit 9.51 Strafpunkten \u00fcberholt. Platz drei h\u00e4lt die Schweiz mit 9.92 Strafpunkten auf dem Konto.  Die Top-Drei sind also extrem dicht beieinander. Auch die Iren mit zehn Strafpunkten auf Platz vier sind noch gut im Rennen um die Medaillen. W\u00e4hrend bei der Konkurrenz aus Schweden und der Schweiz der Fehlerteufel an \u00fcberraschenden Stellen zuschlug, lieferte Team Germany heute u.a. zwei Null-Runden von Philipp Weishaupt und Jana Wargers ab. <\/p>\n\n\n\n<p>Der Tag hatte schon super begonnen. Christian Kukuk und Mumbai zeigten sich in Top-Form und blieben  als Einzelreiter in ihrer zweiten Runde ohne Abwurf. Mit Platz neun ist Kukuk nun weiterhin in Schlagdistanz um eine Medaille. <\/p>\n\n\n\n<p>&#8220;Das hat sich super angef\u00fchlt. Gestern eigentlich auch schon. Ich hatte einen richtig \u00e4rgerlichen Fehler am letzten Sprung. Aber grunds\u00e4tzlich habe ich schon das Gef\u00fchl, dass sich mein Pferd hier wohl f\u00fchlt und super gut drauf ist. Heute hat er sich fast noch etwas wohler gef\u00fchlt, er hat super mitgemacht, auch wenn ich sagen muss, dass ich, wenn ich ganz kritisch bin, zu Sprung vier nicht so gut geritten bin. Da wollte ich eigentlich einen Galoppsprung weniger reiten, auf halben Weg habe ich gemerkt, ich bin zu sp\u00e4t, und habe einen Galoppsprung mehr gemacht. Die Situation hat er dann super f\u00fcr mich geregelt. Danach hat sich alles sehr selbstverst\u00e4ndlich, sicher fokussiert und gut angef\u00fchlt&#8221;, strahlt Kukuk nach seiner Runde im Interview mit spring-reiter.de. Nach dem knapp verpassten Podium und Platz vier bei der letzten EM in Riesenbeck 2021 hat  Kukuk mit der EM noch eine Rechnung offen: &#8220;Ja, das kann man so sehen&#8221;, lacht der Reiter der Beerbaum-Stables. &#8220;Das war schon hart, vor heimischen Publikum so nah dran zu sein und dann doch nicht auf dem Treppchen zu stehen, das war schon ma\u00dflos entt\u00e4uschend. Ich habe da meine Lehren draus gezogen und ich bin jetzt hier, um es doch noch ein wenig besser zu machen&#8221;, sagt Kukuk. Der erste Schritt in Richtung Einzelmedaille ist gemacht. Auch wenn Kukuk wei\u00df, dass es noch ein paar Runden zu absolvieren gilt. <\/p>\n\n\n\n<p>Marcus Ehning und Stargold gingen als Erste f\u00fcr Team Deutschland an den Start. Es klapperte mehrfach und nicht nur dem zuschauenden amtierenden Europameister Andr\u00e9 Thieme stockte mehrfach der Atem.  Am Ende ging zum Gl\u00fcck &#8216;nur&#8217; ein Mauerteil zu Boden.  &#8220;Ein gutes Pferd muss auch richtig ber\u00fchren k\u00f6nnen&#8221;, stellte Ehning nach seiner Runde trocken fest. Er war aufgrund des schon leicht beanspruchten Bodens etwas &#8220;auf Angriff&#8221; geritten. Vielleicht eine Erkl\u00e4rung f\u00fcr den Fall eines kleinen Mauer-Teils. Marcus Ehning und Stargold stehen im Ranking derzeit auf Platz 22.<\/p>\n\n\n\n<p>Eine weitere Ganz-Leistung  zeigten Philipp Weishaupt und sein neunj\u00e4hriger Zineday. Beinahe spielerisch absolvierte der Dunkelfuchs den EM-Parcours und blieb wieder ohne einen Strafpunkt. Nicht nur Philipps Frau Domenika und Sohn Jakob auf ihrem Arm strahlten vor Freude. Nach dieser weiteren Top-Runde liegt Weishaupt in der Einzelwertung nun auf Platz zwei hinter dem Schweden Jens Fredricson mit Markan Cosmopolit. Der Schwede hatte auch die zweite Pr\u00fcfung in Mailand f\u00fcr sich entscheiden k\u00f6nnen. Platz drei h\u00e4lt der Schweizer Steve Guerdat mit Dynamix de Belheme vor Julien Epaillard mit Dubai du Cedre und Henrik von Eckermann und Iliana. Allesamt sind keinen Abwurf voneinander entfernt. <\/p>\n\n\n\n<p> &#8220;Er \u00fcberrascht mich tats\u00e4chlich immer und ich bin so froh, dass ich ihn reiten darf&#8221;, freute sich Philipp nach seiner Traum-Runde \u00fcber seinen Sportpartner. &#8220;Jedem, der im Reitsport ist, w\u00fcnsche ich mal so ein Gef\u00fchl wie auf Zineday. Heute war er wieder ziemlich abgekl\u00e4rt. An ein, zwei Spr\u00fcngen war er doch etwas guckiger als gedacht. Bei der Mauer und der Planke hat er sich etwas erschrocken, weil die beide so aus der Ecke kamen. Aber der Rest hat sich super angef\u00fchlt.&#8221; Philipp Weishaupt f\u00fchrt den Erfolg seines Pferdes auch auf seinen tollen Reiter und Ausbilder zur\u00fcck. Zineday sei von Richard Vogel ausgebildet und in den Sport gebracht worden, der damals sein Stall-Reiter war. Sp\u00e4ter wechselte der Fuchs zu Christian Kukuk. Das Pferd habe also eine erstklassige Ausbildung von Profis genossen. <\/p>\n\n\n\n<p>Eine super souver\u00e4ne Runde ritten Jana Wargers und Limbridge. Auch dieses Paar lie\u00df alle Stangen in den Auflagen. &#8220;Der Druck heute war nat\u00fcrlich gro\u00df und die Nullrunde sehr wichtig. Ich war heute total fokussiert und mein Pferd sprang einfach super&#8221;, freute sich die Springreiterin. Sie rangiert in der Einzelwertung jetzt auf Platz elf. <\/p>\n\n\n\n<p>Gerrit Nieberg und Ben waren auch heute das Streichergebnis im deutschen Team. Drei Stangen gingen zu Boden. &#8220;Ich bin nat\u00fcrlich nicht zufrieden, wie die ersten beiden Tage gelaufen sind. Dennoch hatte ich heute ein wesentlich besseres Gef\u00fchl. Gerade in der ersten H\u00e4lfte vom Parcours. Ich hoffe, dass ich morgen im Finale unser Team noch ein wenig unterst\u00fctzen kann&#8221;, res\u00fcmierte Gerrit Nieberg. <\/p>\n\n\n\n<p>Auch der Bundestrainer Otto Becker war mit der Leistung seiner Reiter sehr gl\u00fccklich: &#8220;Mit Heute k\u00f6nnen wir echt zufrieden sein. Das lief echt gut. Das war eine super Team-Leistung und alle haben auch Gerrit unterst\u00fctzt. Wir haben jetzt nat\u00fcrlich eine gute Ausgangsposition und hoffen, dass das morgen auch so weitergeht. Vielleicht gibt es ja noch ein Gewitter und es wird abgesagt&#8221;, scherzte der Bundestrainer in Richtung Finale. <\/p>\n\n\n\n<p>Das ganze Team-Ergebnis: <a href=\"https:\/\/www.longinestiming.com\/equestrian\/2023\/european-championship-jumping-milano-milano\/resultlist_02T.html\">HIER <\/a><\/p>\n\n\n\n<p>Das ganze Einzel-Ergebnis: <a href=\"https:\/\/results.hippodata.de\/2023\/2335\/docs\/r_02i.pdf\">HIER <\/a><\/p>\n","protected":false},"excerpt":{"rendered":"<p>&#8220;Die Euro hat definitiv einen Tag zu fr\u00fch begonnen&#8221;, lachte Otto Becker nach der zweiten Runde bei den Europameisterschaften der Springreiter in Mailand. Der Bundestrainer hatte gut lachen, nach einer enormen Leistungssteigerung, einer fulminanten Aufholjagd und ein wenig Pech bei der bis dahin f\u00fchrenden Konkurrenz hat sich Team Deutschland vor &hellip; <a class=\"kt-excerpt-readmore\" href=\"https:\/\/www.spring-reiter.de\/en\/index.php\/2023\/08\/31\/kopf-an-kopf-rennen-deutschland-uebernimmt-fuehrung-bei-europameisterschaft-in-mailand\/\" aria-label=\"Kopf an Kopf Rennen: Deutschland \u00fcbernimmt F\u00fchrung bei Europameisterschaft in Mailand\">Read More<\/a><\/p>\n","protected":false},"author":2,"featured_media":66000,"comment_status":"closed","ping_status":"open","sticky":false,"template":"","format":"standard","meta":{"footnotes":""},"categories":[1],"tags":[],"class_list":["post-65992","post","type-post","status-publish","format-standard","has-post-thumbnail","hentry","category-allgemein"],"translation":{"provider":"WPGlobus","version":"3.0.2","language":"en","enabled_languages":["de","en"],"languages":{"de":{"title":true,"content":true,"excerpt":false},"en":{"title":false,"content":false,"excerpt":false}}},"_links":{"self":[{"href":"https:\/\/www.spring-reiter.de\/en\/index.php\/wp-json\/wp\/v2\/posts\/65992","targetHints":{"allow":["GET"]}}],"collection":[{"href":"https:\/\/www.spring-reiter.de\/en\/index.php\/wp-json\/wp\/v2\/posts"}],"about":[{"href":"https:\/\/www.spring-reiter.de\/en\/index.php\/wp-json\/wp\/v2\/types\/post"}],"author":[{"embeddable":true,"href":"https:\/\/www.spring-reiter.de\/en\/index.php\/wp-json\/wp\/v2\/users\/2"}],"replies":[{"embeddable":true,"href":"https:\/\/www.spring-reiter.de\/en\/index.php\/wp-json\/wp\/v2\/comments?post=65992"}],"version-history":[{"count":0,"href":"https:\/\/www.spring-reiter.de\/en\/index.php\/wp-json\/wp\/v2\/posts\/65992\/revisions"}],"wp:featuredmedia":[{"embeddable":true,"href":"https:\/\/www.spring-reiter.de\/en\/index.php\/wp-json\/wp\/v2\/media\/66000"}],"wp:attachment":[{"href":"https:\/\/www.spring-reiter.de\/en\/index.php\/wp-json\/wp\/v2\/media?parent=65992"}],"wp:term":[{"taxonomy":"category","embeddable":true,"href":"https:\/\/www.spring-reiter.de\/en\/index.php\/wp-json\/wp\/v2\/categories?post=65992"},{"taxonomy":"post_tag","embeddable":true,"href":"https:\/\/www.spring-reiter.de\/en\/index.php\/wp-json\/wp\/v2\/tags?post=65992"}],"curies":[{"name":"wp","href":"https:\/\/api.w.org\/{rel}","templated":true}]}}