{"id":66016,"date":"2023-09-01T10:18:28","date_gmt":"2023-09-01T08:18:28","guid":{"rendered":"https:\/\/www.spring-reiter.de\/?p=66016"},"modified":"2023-09-01T11:16:40","modified_gmt":"2023-09-01T09:16:40","slug":"andre-thieme-ich-muss-jetzt-erstmal-kleinere-broetchen-backen","status":"publish","type":"post","link":"https:\/\/www.spring-reiter.de\/en\/index.php\/2023\/09\/01\/andre-thieme-ich-muss-jetzt-erstmal-kleinere-broetchen-backen\/","title":{"rendered":"Andr\u00e9 Thieme: \u201eIch muss jetzt erstmal kleinere Br\u00f6tchen backen\u201c"},"content":{"rendered":"\n<p>Andre Thieme mag seine Zuschauer-Rolle nicht. Der amtierende Europameister ist nach einer Verletzung seiner Wunder-Stute DSP Chakaria bei der EM in Mailand zum Zugucken verdonnert.&nbsp;&nbsp;Aufgeregt l\u00e4uft er zwischen Zuschauerr\u00e4ngen und dem Abreiteplatz hin und her. Thieme hat Puls, wird es f\u00fcr sein Team Deutschland reichen? Auf einer Startliste rechnet er Ergebnisse aus.&nbsp;&nbsp;Es sieht gut aus f\u00fcr sein Team, dem er diesmal nur die Daumen dr\u00fccken kann. Nur am Rand stehen, zusehen wenn andere um Medaillen reiten, das gef\u00e4llt Thieme gar nicht. <\/p>\n\n\n\n<p>&#8220;Nur zugucken ist echt Mist&#8221;, bringt es der Mecklenburger gegen\u00fcber spring-reiter.de auf den Punkt. Kurz vor dem Start bei der EM hatte sich seine Fuchs-Stute am Gleichbein verletzt. &#8220;Sie war zu keiner Zeit lahm, aber das Bein war dick und warm.&#8221; MRT und Ultraschall brachten die Diagnose: Eine Sehne ist leicht l\u00e4diert. &#8220;Das wird alles wieder, aber nat\u00fcrlich bekommt Chakaria jetzt alle Zeit der Welt, damit sie wieder gesund wird. Ich will kein Risiko eingehen.&#8221;  Thieme hat f\u00fcr dieses Jahr vorsorglich schon mal alle Turniere f\u00fcr Chakaria gestrichen, die Global-Tour in Riad und die Prague Playoffs fallen f\u00fcr die Stute ebenso aus wie der Rolex Grand Prix in Genf. <\/p>\n\n\n\n<p>&#8220;Ich hoffe, Chakaria ist f\u00fcr die League of Nations in Ocala im n\u00e4chsten M\u00e4rz wieder fit&#8221;, sagt Thieme. &#8220;Bis dahin muss ich erstmal kleinere Br\u00f6tchen backen.&#8221; Seine Nachwuchshoffnung Paule S (v. Perigueux) habe zwar mit gro\u00dfen H\u00f6hen kein Problem, sei aber noch zu jung und unerfahren f\u00fcr die schweren Klassen auf 5*-Niveau. <\/p>\n\n\n\n<p>In Mailand dr\u00fcckt der Titelverteidiger nun zusammen mit seinen Fu\u00dfball-Kumpels, die ihn bei der EM in Riesenbeck anfeuerten und bereits lange Zeit vorher Tickets f\u00fcr die EM in Mailand gekauft hatten, heute Team Germany im Finale um 13.30 Uhr die Daumen. Thieme kann sich beruhigen. Sein Team h\u00e4lt die Pole-Position. <\/p>\n","protected":false},"excerpt":{"rendered":"<p>Andre Thieme mag seine Zuschauer-Rolle nicht. Der amtierende Europameister ist nach einer Verletzung seiner Wunder-Stute DSP Chakaria bei der EM in Mailand zum Zugucken verdonnert.&nbsp;&nbsp;Aufgeregt l\u00e4uft er zwischen Zuschauerr\u00e4ngen und dem Abreiteplatz hin und her. Thieme hat Puls, wird es f\u00fcr sein Team Deutschland reichen? Auf einer Startliste rechnet er &hellip; <a class=\"kt-excerpt-readmore\" href=\"https:\/\/www.spring-reiter.de\/en\/index.php\/2023\/09\/01\/andre-thieme-ich-muss-jetzt-erstmal-kleinere-broetchen-backen\/\" aria-label=\"Andr\u00e9 Thieme: \u201eIch muss jetzt erstmal kleinere Br\u00f6tchen backen\u201c\">Read More<\/a><\/p>\n","protected":false},"author":2,"featured_media":66018,"comment_status":"closed","ping_status":"open","sticky":false,"template":"","format":"standard","meta":{"footnotes":""},"categories":[1],"tags":[],"class_list":["post-66016","post","type-post","status-publish","format-standard","has-post-thumbnail","hentry","category-allgemein"],"translation":{"provider":"WPGlobus","version":"3.0.2","language":"en","enabled_languages":["de","en"],"languages":{"de":{"title":true,"content":true,"excerpt":false},"en":{"title":false,"content":false,"excerpt":false}}},"_links":{"self":[{"href":"https:\/\/www.spring-reiter.de\/en\/index.php\/wp-json\/wp\/v2\/posts\/66016","targetHints":{"allow":["GET"]}}],"collection":[{"href":"https:\/\/www.spring-reiter.de\/en\/index.php\/wp-json\/wp\/v2\/posts"}],"about":[{"href":"https:\/\/www.spring-reiter.de\/en\/index.php\/wp-json\/wp\/v2\/types\/post"}],"author":[{"embeddable":true,"href":"https:\/\/www.spring-reiter.de\/en\/index.php\/wp-json\/wp\/v2\/users\/2"}],"replies":[{"embeddable":true,"href":"https:\/\/www.spring-reiter.de\/en\/index.php\/wp-json\/wp\/v2\/comments?post=66016"}],"version-history":[{"count":0,"href":"https:\/\/www.spring-reiter.de\/en\/index.php\/wp-json\/wp\/v2\/posts\/66016\/revisions"}],"wp:featuredmedia":[{"embeddable":true,"href":"https:\/\/www.spring-reiter.de\/en\/index.php\/wp-json\/wp\/v2\/media\/66018"}],"wp:attachment":[{"href":"https:\/\/www.spring-reiter.de\/en\/index.php\/wp-json\/wp\/v2\/media?parent=66016"}],"wp:term":[{"taxonomy":"category","embeddable":true,"href":"https:\/\/www.spring-reiter.de\/en\/index.php\/wp-json\/wp\/v2\/categories?post=66016"},{"taxonomy":"post_tag","embeddable":true,"href":"https:\/\/www.spring-reiter.de\/en\/index.php\/wp-json\/wp\/v2\/tags?post=66016"}],"curies":[{"name":"wp","href":"https:\/\/api.w.org\/{rel}","templated":true}]}}