{"id":66231,"date":"2023-09-06T18:16:00","date_gmt":"2023-09-06T16:16:00","guid":{"rendered":"https:\/\/www.spring-reiter.de\/?p=66231"},"modified":"2023-09-06T18:17:15","modified_gmt":"2023-09-06T16:17:15","slug":"neue-weltrangliste-riesen-spruenge-nach-oben-von-philipp-weishaupt-und-christian-kukuk","status":"publish","type":"post","link":"https:\/\/www.spring-reiter.de\/en\/index.php\/2023\/09\/06\/neue-weltrangliste-riesen-spruenge-nach-oben-von-philipp-weishaupt-und-christian-kukuk\/","title":{"rendered":"Neue Weltrangliste: Riesen Spr\u00fcnge nach oben von Philipp Weishaupt und Christian Kukuk"},"content":{"rendered":"\n<p>Zwei Dinge sind auch in der neuen Weltrangliste unver\u00e4ndert: Henrik von Eckermann f\u00fchrt vor Julien Epaillard unver\u00e4ndert die Wertung an, und weiterhin ist kein Deutscher in den Top Ten. Aber dann:<\/p>\n\n\n\n<p>Der neue Europameister Steve Guerdat ist von Position 12 auf den 3. Platz nach oben geschossen, und Vize-Europameister Philipp Weishaupt ist vom 31. auf den 18. Rang gesprungen und damit zweitbester Deutscher. Unver\u00e4ndert bester Deutscher vor ihm ist Daniel Deusser leicht verbessert auf Rang 12. Vor ihm hat sich Max K\u00fchner auf Rang 11 geschoben, geklettert vom 19. Platz.<\/p>\n\n\n\n<p>Richard Vogel steht unver\u00e4ndert auf dem 21. Rang. Und hinter ihm folgt mit dem gr\u00f6\u00dften Sprung nach oben Christian Kukuk: Von 49 auf 28! W\u00e4hrend Marcus Ehning von Platz 25 auf Platz 33 abgerutscht ist, hat sich hinter ihm Hansi Dreher herangeschoben: Von Rang 39 auf 35.<\/p>\n\n\n\n<p>Die komplette neue Weltrangliste <a href=\"https:\/\/www.fei.org\/jumping\/rankings\/S_WR\" target=\"_blank\" rel=\"noreferrer noopener\">hier<\/a><\/p>\n","protected":false},"excerpt":{"rendered":"<p>Zwei Dinge sind auch in der neuen Weltrangliste unver\u00e4ndert: Henrik von Eckermann f\u00fchrt vor Julien Epaillard unver\u00e4ndert die Wertung an, und weiterhin ist kein Deutscher in den Top Ten. Aber dann: Der neue Europameister Steve Guerdat ist von Position 12 auf den 3. Platz nach oben geschossen, und Vize-Europameister Philipp &hellip; <a class=\"kt-excerpt-readmore\" href=\"https:\/\/www.spring-reiter.de\/en\/index.php\/2023\/09\/06\/neue-weltrangliste-riesen-spruenge-nach-oben-von-philipp-weishaupt-und-christian-kukuk\/\" aria-label=\"Neue Weltrangliste: Riesen Spr\u00fcnge nach oben von Philipp Weishaupt und Christian Kukuk\">Read More<\/a><\/p>\n","protected":false},"author":3,"featured_media":66232,"comment_status":"closed","ping_status":"open","sticky":false,"template":"","format":"standard","meta":{"footnotes":""},"categories":[1],"tags":[],"class_list":["post-66231","post","type-post","status-publish","format-standard","has-post-thumbnail","hentry","category-allgemein"],"translation":{"provider":"WPGlobus","version":"3.0.2","language":"en","enabled_languages":["de","en"],"languages":{"de":{"title":true,"content":true,"excerpt":false},"en":{"title":false,"content":false,"excerpt":false}}},"_links":{"self":[{"href":"https:\/\/www.spring-reiter.de\/en\/index.php\/wp-json\/wp\/v2\/posts\/66231","targetHints":{"allow":["GET"]}}],"collection":[{"href":"https:\/\/www.spring-reiter.de\/en\/index.php\/wp-json\/wp\/v2\/posts"}],"about":[{"href":"https:\/\/www.spring-reiter.de\/en\/index.php\/wp-json\/wp\/v2\/types\/post"}],"author":[{"embeddable":true,"href":"https:\/\/www.spring-reiter.de\/en\/index.php\/wp-json\/wp\/v2\/users\/3"}],"replies":[{"embeddable":true,"href":"https:\/\/www.spring-reiter.de\/en\/index.php\/wp-json\/wp\/v2\/comments?post=66231"}],"version-history":[{"count":0,"href":"https:\/\/www.spring-reiter.de\/en\/index.php\/wp-json\/wp\/v2\/posts\/66231\/revisions"}],"wp:featuredmedia":[{"embeddable":true,"href":"https:\/\/www.spring-reiter.de\/en\/index.php\/wp-json\/wp\/v2\/media\/66232"}],"wp:attachment":[{"href":"https:\/\/www.spring-reiter.de\/en\/index.php\/wp-json\/wp\/v2\/media?parent=66231"}],"wp:term":[{"taxonomy":"category","embeddable":true,"href":"https:\/\/www.spring-reiter.de\/en\/index.php\/wp-json\/wp\/v2\/categories?post=66231"},{"taxonomy":"post_tag","embeddable":true,"href":"https:\/\/www.spring-reiter.de\/en\/index.php\/wp-json\/wp\/v2\/tags?post=66231"}],"curies":[{"name":"wp","href":"https:\/\/api.w.org\/{rel}","templated":true}]}}