{"id":66314,"date":"2023-09-10T11:56:01","date_gmt":"2023-09-10T09:56:01","guid":{"rendered":"https:\/\/www.spring-reiter.de\/?p=66314"},"modified":"2023-09-10T11:56:06","modified_gmt":"2023-09-10T09:56:06","slug":"alain-jufer-wird-in-ascona-neuer-schweizer-meister","status":"publish","type":"post","link":"https:\/\/www.spring-reiter.de\/en\/index.php\/2023\/09\/10\/alain-jufer-wird-in-ascona-neuer-schweizer-meister\/","title":{"rendered":"Alain Jufer wird in Ascona neuer Schweizer Meister"},"content":{"rendered":"\n<p>Bis auf Steve Guerdat und Martin Fuchs, die beim Rolex Grand Prix im kanadischen Calgary an den Start gehen, waren auch die Reiter, die f\u00fcr die Schweiz bei der EM in Mailand um Medaillen k\u00e4mpften, am Start, als es an diesem Wochenende in Ascona um den Titel des Schweizer Meisters ging. Und einer aus dem EM-Team, Bryan Balsiger, setzte sich mit Scarlina de Tiji (v. Scendro) beim Zeitspringen zum Auftakt auch gleich mit der Idealnote 0 an die Spitze. Doch in der ersten von zwei Runden am Samstag fielen unterwegs zwei Stangen und warfen den EM-Reiter zur\u00fcck, trotz der folgenden Nullrunde am Ende auf Rang sieben.<\/p>\n\n\n\n<p>Alain Jufer, in Mailand nicht dabei, brachte aus dem Zeitspringen 0.15 Punkte mit. Es folgten zwei fehlerfrei Runden am Samstag auf Dante MM (v. Diarado). Strahlender Sonnenschein und gut gef\u00fcllte Zuschauerr\u00e4nge bildeten die Kulisse f\u00fcr ein spektakul\u00e4res Finale der Schweizer Meisterschaften im Springreiten, das dann Alain Jufer mit dem Meistertitel belohnte. Mit Dante MM war er nicht nur der Beste, sondern auch der Schnellste auf den anspruchsvollen Hindernissen von Ascona.<\/p>\n\n\n\n<p>Neben Jufer standen auf dem Podium &#8211; zu den Kl\u00e4ngen des Schweizer Psalms, der von den Alph\u00f6rnern gespielt wurde &#8211; Anthony Bourquard mit Ecuador de la Cense (v. Kannan) als Zweiter und Adrian Schmid auf Chicharito (v. Casalito). Vierte wurde die Vizemeisterin des vergangenen Jahres, Barbara Schnieper auf Judy KM (v. Joly St. Hubert).<\/p>\n\n\n\n<p>Das komplette Ergebnis <a href=\"https:\/\/www.longinestiming.com\/equestrian\/2023\/longines-csi-ascona-ascona\/resultlist_15.html\" target=\"_blank\" rel=\"noreferrer noopener\">hier<\/a><\/p>\n","protected":false},"excerpt":{"rendered":"<p>Bis auf Steve Guerdat und Martin Fuchs, die beim Rolex Grand Prix im kanadischen Calgary an den Start gehen, waren auch die Reiter, die f\u00fcr die Schweiz bei der EM in Mailand um Medaillen k\u00e4mpften, am Start, als es an diesem Wochenende in Ascona um den Titel des Schweizer Meisters &hellip; <a class=\"kt-excerpt-readmore\" href=\"https:\/\/www.spring-reiter.de\/en\/index.php\/2023\/09\/10\/alain-jufer-wird-in-ascona-neuer-schweizer-meister\/\" aria-label=\"Alain Jufer wird in Ascona neuer Schweizer Meister\">Read More<\/a><\/p>\n","protected":false},"author":3,"featured_media":66315,"comment_status":"closed","ping_status":"open","sticky":false,"template":"","format":"standard","meta":{"footnotes":""},"categories":[1],"tags":[],"class_list":["post-66314","post","type-post","status-publish","format-standard","has-post-thumbnail","hentry","category-allgemein"],"translation":{"provider":"WPGlobus","version":"3.0.2","language":"en","enabled_languages":["de","en"],"languages":{"de":{"title":true,"content":true,"excerpt":false},"en":{"title":false,"content":false,"excerpt":false}}},"_links":{"self":[{"href":"https:\/\/www.spring-reiter.de\/en\/index.php\/wp-json\/wp\/v2\/posts\/66314","targetHints":{"allow":["GET"]}}],"collection":[{"href":"https:\/\/www.spring-reiter.de\/en\/index.php\/wp-json\/wp\/v2\/posts"}],"about":[{"href":"https:\/\/www.spring-reiter.de\/en\/index.php\/wp-json\/wp\/v2\/types\/post"}],"author":[{"embeddable":true,"href":"https:\/\/www.spring-reiter.de\/en\/index.php\/wp-json\/wp\/v2\/users\/3"}],"replies":[{"embeddable":true,"href":"https:\/\/www.spring-reiter.de\/en\/index.php\/wp-json\/wp\/v2\/comments?post=66314"}],"version-history":[{"count":0,"href":"https:\/\/www.spring-reiter.de\/en\/index.php\/wp-json\/wp\/v2\/posts\/66314\/revisions"}],"wp:featuredmedia":[{"embeddable":true,"href":"https:\/\/www.spring-reiter.de\/en\/index.php\/wp-json\/wp\/v2\/media\/66315"}],"wp:attachment":[{"href":"https:\/\/www.spring-reiter.de\/en\/index.php\/wp-json\/wp\/v2\/media?parent=66314"}],"wp:term":[{"taxonomy":"category","embeddable":true,"href":"https:\/\/www.spring-reiter.de\/en\/index.php\/wp-json\/wp\/v2\/categories?post=66314"},{"taxonomy":"post_tag","embeddable":true,"href":"https:\/\/www.spring-reiter.de\/en\/index.php\/wp-json\/wp\/v2\/tags?post=66314"}],"curies":[{"name":"wp","href":"https:\/\/api.w.org\/{rel}","templated":true}]}}