{"id":66376,"date":"2023-09-12T16:48:17","date_gmt":"2023-09-12T14:48:17","guid":{"rendered":"https:\/\/www.spring-reiter.de\/?p=66376"},"modified":"2023-09-12T16:48:22","modified_gmt":"2023-09-12T14:48:22","slug":"countdown-fuer-havekoster-springfestival-laeuft-top-sport-mit-vielen-springstars","status":"publish","type":"post","link":"https:\/\/www.spring-reiter.de\/en\/index.php\/2023\/09\/12\/countdown-fuer-havekoster-springfestival-laeuft-top-sport-mit-vielen-springstars\/","title":{"rendered":"Countdown f\u00fcr Havekoster Springfestival l\u00e4uft &#8211; Top-Sport mit vielen Springstars"},"content":{"rendered":"\n<p>Der Arbeitsdienst war bereits am Wochenende \u201cbienenflei\u00dfig\u201d, denn es soll alles piccobello vorbereitet sein f\u00fcr das Havekoster Springfestival vom 14. &#8211; 17. September 2023. Punkt acht Uhr am Donnerstag geht es los beim RV An der Talm\u00fchle-Havekost. Zwei H\u00f6hepunkte sind klar auszumachen: Der Gro\u00dfe Preis, eine Springpr\u00fcfung Kl. S mit Stechen auf Zwei-Sterne-Niveau (1,45m) am Sonntag und unter Flutlicht am Samstagabend das Mannschafts-Stilspringen Kl. A*, die Reitsport Sievers \u201cTeam-Trophy\u201d.&nbsp;<\/p>\n\n\n\n<p>Das Havekoster Springfestival hat Tradition. Einst die Er\u00f6ffnung der Hallensaison, wanderte das Turnier in den September auf den Ebbe-Flut-Platz, der auch unterschiedlichen Wetterbedingungen stand h\u00e4lt. Davon profitieren die ganz jungen Pferde am Donnerstag in den Springpferdepr\u00fcfungen ebenso wie die Routiniers in den schweren Pr\u00fcfungen &#8211; davon gibt es allein vier am Samstag und Sonntag in Havekost.&nbsp;<\/p>\n\n\n\n<p><strong>Gutes Nennungsergebnis<\/strong>&nbsp;<\/p>\n\n\n\n<p>Die Anziehungskraft ist hoch &#8211; mehr als 350 Reiterinnen und Reiter aus ganz Schleswig-Holstein, Hamburg, Mecklenburg-Vorpommern und auch aus Niedersachsen treffen in Havekost aufeinander, darunter auch der Landesmeister der Jungen Reiter\/U25, Hannes Ahlmann aus Reher und die Landesmeister Springen Damen, Sofie Svensson aus Gr\u00f6nwohld. Nur Landesmeister Christian Hess (Radesforde) ist terminlich verhindert &#8211; der Profi heiratet am kommenden Wochenende. Eine \u201cgute Entschuldigung f\u00fcr das Fehlen\u201d, wie Turnierchef Achim Schulz augenzwinkernd anmerkt.&nbsp;<\/p>\n\n\n\n<p>Drei Derbysieger z\u00e4hlen mit Cassandra Orschel (Sehestedt), Nisse L\u00fcneburg (Hetlingen) und S\u00f6ren von R\u00f6nne (Neuendeich) zum Aufgebot. Auch Rene Dittmer ist mit von der Partie in Havekost. Aus Mecklenburg-Vorpommern kommen u.a. Christoph Lanske, Kati Lekander, Alina Maack und Justine Reemtsma angereist und eine \u00fcppige Abordnung ist aus dem nahe gelegenen Fehmarn dabei. Mit Spannung erwartet wird zudem die Team-Trophy: Insgesamt 17 Mannschaften waren in der Saison 2023 bislang dabei, an vier Turnierstandorten wird das Mannschafts-Stilspringen Kl. A* ausgetragen. Das Fehmarn Pferde Festival, die Tasdorfer Turniertage und das Turnier in Emkendorf waren bislang Gastgeber. Havekost Springfestival ist die vierte und letzte Etappe, die dar\u00fcber entscheidet, welche vier Teams zum Finale bei den VR CLASSICS in den Holstenhallen Neum\u00fcnster im Februar antreten. Weit enteilt ist \u00fcbrigens an der Spitze schon der Fehmarnsche RRV mit 73 Punkten. <\/p>\n\n\n\n<p>Der Eintritt zum Havekoster Springfestival ist frei, G\u00e4ste und Neugierige sind herzlich willkommen. Im Livestream wird Sport pur aus Havekost bei&nbsp;<a href=\"https:\/\/eskd-zcmp.maillist-manage.eu\/click\/12228e7be18bb264\/12228e7be18bcc33\" target=\"_blank\" rel=\"noreferrer noopener\">www.clipmyhorse.tv<\/a>&nbsp;gezeigt.&nbsp;<\/p>\n\n\n\n<p>Website Sportergebnisse:&nbsp;<a href=\"https:\/\/www.mervestelle.de\/\" target=\"_blank\" rel=\"noreferrer noopener\">https:\/\/www.mervestelle.de\/<\/a>&nbsp;<\/p>\n\n\n\n<p>Facebook:&nbsp;<a href=\"https:\/\/www.facebook.com\/TurnierUndAusbildungsstallAchimUndAndreSchulz\/?locale=de_DE\" target=\"_blank\" rel=\"noreferrer noopener\">https:\/\/www.facebook.com\/TurnierUndAusbildungsstallAchimUndAndreSchulz\/?locale=de_DE<\/a>&nbsp;<\/p>\n\n\n\n<p>Instagram: ashsportpartner<\/p>\n","protected":false},"excerpt":{"rendered":"<p>Der Arbeitsdienst war bereits am Wochenende \u201cbienenflei\u00dfig\u201d, denn es soll alles piccobello vorbereitet sein f\u00fcr das Havekoster Springfestival vom 14. &#8211; 17. September 2023. Punkt acht Uhr am Donnerstag geht es los beim RV An der Talm\u00fchle-Havekost. Zwei H\u00f6hepunkte sind klar auszumachen: Der Gro\u00dfe Preis, eine Springpr\u00fcfung Kl. S mit &hellip; <a class=\"kt-excerpt-readmore\" href=\"https:\/\/www.spring-reiter.de\/en\/index.php\/2023\/09\/12\/countdown-fuer-havekoster-springfestival-laeuft-top-sport-mit-vielen-springstars\/\" aria-label=\"Countdown f\u00fcr Havekoster Springfestival l\u00e4uft &#8211; Top-Sport mit vielen Springstars\">Read More<\/a><\/p>\n","protected":false},"author":2,"featured_media":35046,"comment_status":"closed","ping_status":"open","sticky":false,"template":"","format":"standard","meta":{"footnotes":""},"categories":[1],"tags":[],"class_list":["post-66376","post","type-post","status-publish","format-standard","has-post-thumbnail","hentry","category-allgemein"],"translation":{"provider":"WPGlobus","version":"3.0.2","language":"en","enabled_languages":["de","en"],"languages":{"de":{"title":true,"content":true,"excerpt":false},"en":{"title":false,"content":false,"excerpt":false}}},"_links":{"self":[{"href":"https:\/\/www.spring-reiter.de\/en\/index.php\/wp-json\/wp\/v2\/posts\/66376","targetHints":{"allow":["GET"]}}],"collection":[{"href":"https:\/\/www.spring-reiter.de\/en\/index.php\/wp-json\/wp\/v2\/posts"}],"about":[{"href":"https:\/\/www.spring-reiter.de\/en\/index.php\/wp-json\/wp\/v2\/types\/post"}],"author":[{"embeddable":true,"href":"https:\/\/www.spring-reiter.de\/en\/index.php\/wp-json\/wp\/v2\/users\/2"}],"replies":[{"embeddable":true,"href":"https:\/\/www.spring-reiter.de\/en\/index.php\/wp-json\/wp\/v2\/comments?post=66376"}],"version-history":[{"count":0,"href":"https:\/\/www.spring-reiter.de\/en\/index.php\/wp-json\/wp\/v2\/posts\/66376\/revisions"}],"wp:featuredmedia":[{"embeddable":true,"href":"https:\/\/www.spring-reiter.de\/en\/index.php\/wp-json\/wp\/v2\/media\/35046"}],"wp:attachment":[{"href":"https:\/\/www.spring-reiter.de\/en\/index.php\/wp-json\/wp\/v2\/media?parent=66376"}],"wp:term":[{"taxonomy":"category","embeddable":true,"href":"https:\/\/www.spring-reiter.de\/en\/index.php\/wp-json\/wp\/v2\/categories?post=66376"},{"taxonomy":"post_tag","embeddable":true,"href":"https:\/\/www.spring-reiter.de\/en\/index.php\/wp-json\/wp\/v2\/tags?post=66376"}],"curies":[{"name":"wp","href":"https:\/\/api.w.org\/{rel}","templated":true}]}}