{"id":66497,"date":"2023-09-17T17:50:45","date_gmt":"2023-09-17T15:50:45","guid":{"rendered":"https:\/\/www.spring-reiter.de\/?p=66497"},"modified":"2023-09-17T18:03:59","modified_gmt":"2023-09-17T16:03:59","slug":"warschau-oesterreicher-triumphieren-im-finale-der-longines-eef-series","status":"publish","type":"post","link":"https:\/\/www.spring-reiter.de\/en\/index.php\/2023\/09\/17\/warschau-oesterreicher-triumphieren-im-finale-der-longines-eef-series\/","title":{"rendered":"Warschau: \u00d6sterreicher triumphieren im Finale der Longines EEF Series"},"content":{"rendered":"\n<p>Die \u00d6sterreicher haben sich in Warschau den Sieg im Longines EEF-Finale gesichert und steigen damit in die Europe Division 1 auf. <\/p>\n\n\n\n<p>Die \u00f6sterreichische Mannschaft mit Alessandra Reich &amp; Oeli R, Katharina Rhomberg &amp; Cuma 5, Gerfried Puck &amp; Equitron Naxcel V sowie Max K\u00fchner &amp; Electric Blue P ging bereits in der ersten Runde in F\u00fchrung und behielt diese bis zum Schluss ohne Strafpunkte.<\/p>\n\n\n\n<p>&#8220;Wir sind gl\u00fccklich, hier zu sein. Die Pferde sind heute toll gesprungen, und die ganze Veranstaltung ist gro\u00dfartig. Es ist eine sehr sch\u00f6ne Arena, und sowohl Reiter als auch Pferde f\u00fchlen sich hier sehr wohl&#8221;, freute sich Max K\u00fchner, der noch am Freitag bei der Global Champions League in Rom am Start war. <\/p>\n\n\n\n<p>Sowohl Belgien als auch die Ukraine kassierten nach der ersten Runde 4 Strafpunkte. Letztendlich waren es die Belgier, die sich auf den zweiten Platz schoben &#8211; vertreten durch Rik Hemeryck auf Navarro van het Eelshof, Gilles Thomas auf Luna van het Dennehof, Virginie Thonon auf Just the Way sowie der Sieger von vier Pr\u00fcfungen in Warschau &#8211; Wilm Vermeir mit Joyride S.<\/p>\n\n\n\n<p>Das Podium wurde von der Ukraine komplettiert, die schlie\u00dflich 21 Strafpunkte auf dem Konto hatten. Die Schweizer kamen auf Platz vier. Und Team Polen reihte sich direkt dahinter ein<\/p>\n\n\n\n<p><\/p>\n\n\n\n<p><\/p>\n","protected":false},"excerpt":{"rendered":"<p>Die \u00d6sterreicher haben sich in Warschau den Sieg im Longines EEF-Finale gesichert und steigen damit in die Europe Division 1 auf. Die \u00f6sterreichische Mannschaft mit Alessandra Reich &amp; Oeli R, Katharina Rhomberg &amp; Cuma 5, Gerfried Puck &amp; Equitron Naxcel V sowie Max K\u00fchner &amp; Electric Blue P ging bereits &hellip; <a class=\"kt-excerpt-readmore\" href=\"https:\/\/www.spring-reiter.de\/en\/index.php\/2023\/09\/17\/warschau-oesterreicher-triumphieren-im-finale-der-longines-eef-series\/\" aria-label=\"Warschau: \u00d6sterreicher triumphieren im Finale der Longines EEF Series\">Read More<\/a><\/p>\n","protected":false},"author":2,"featured_media":66502,"comment_status":"closed","ping_status":"open","sticky":false,"template":"","format":"standard","meta":{"footnotes":""},"categories":[1],"tags":[],"class_list":["post-66497","post","type-post","status-publish","format-standard","has-post-thumbnail","hentry","category-allgemein"],"translation":{"provider":"WPGlobus","version":"3.0.2","language":"en","enabled_languages":["de","en"],"languages":{"de":{"title":true,"content":true,"excerpt":false},"en":{"title":false,"content":false,"excerpt":false}}},"_links":{"self":[{"href":"https:\/\/www.spring-reiter.de\/en\/index.php\/wp-json\/wp\/v2\/posts\/66497","targetHints":{"allow":["GET"]}}],"collection":[{"href":"https:\/\/www.spring-reiter.de\/en\/index.php\/wp-json\/wp\/v2\/posts"}],"about":[{"href":"https:\/\/www.spring-reiter.de\/en\/index.php\/wp-json\/wp\/v2\/types\/post"}],"author":[{"embeddable":true,"href":"https:\/\/www.spring-reiter.de\/en\/index.php\/wp-json\/wp\/v2\/users\/2"}],"replies":[{"embeddable":true,"href":"https:\/\/www.spring-reiter.de\/en\/index.php\/wp-json\/wp\/v2\/comments?post=66497"}],"version-history":[{"count":0,"href":"https:\/\/www.spring-reiter.de\/en\/index.php\/wp-json\/wp\/v2\/posts\/66497\/revisions"}],"wp:featuredmedia":[{"embeddable":true,"href":"https:\/\/www.spring-reiter.de\/en\/index.php\/wp-json\/wp\/v2\/media\/66502"}],"wp:attachment":[{"href":"https:\/\/www.spring-reiter.de\/en\/index.php\/wp-json\/wp\/v2\/media?parent=66497"}],"wp:term":[{"taxonomy":"category","embeddable":true,"href":"https:\/\/www.spring-reiter.de\/en\/index.php\/wp-json\/wp\/v2\/categories?post=66497"},{"taxonomy":"post_tag","embeddable":true,"href":"https:\/\/www.spring-reiter.de\/en\/index.php\/wp-json\/wp\/v2\/tags?post=66497"}],"curies":[{"name":"wp","href":"https:\/\/api.w.org\/{rel}","templated":true}]}}