{"id":66590,"date":"2023-09-22T21:01:32","date_gmt":"2023-09-22T19:01:32","guid":{"rendered":"https:\/\/www.spring-reiter.de\/?p=66590"},"modified":"2023-09-22T21:01:34","modified_gmt":"2023-09-22T19:01:34","slug":"bryan-balsiger-mit-sehnenriss-ausser-gefecht-und-seine-pferde-wechseln-zu-pius-schwizer","status":"publish","type":"post","link":"https:\/\/www.spring-reiter.de\/en\/index.php\/2023\/09\/22\/bryan-balsiger-mit-sehnenriss-ausser-gefecht-und-seine-pferde-wechseln-zu-pius-schwizer\/","title":{"rendered":"Bryan Balsiger mit Sehnenriss au\u00dfer Gefecht und seine Pferde wechseln zu Pius Schwizer"},"content":{"rendered":"\n<p>F\u00fcr den jungen Schweizer Nationenpreisreiter Bryan Balsiger, gerde zum ersten Mal in den Top 30 der Weltrangliste, sortierte der September das Reiterleben jetzt grundlegend neu: Erst bremste ihn vor gut einer Woche ein Sehnenriss im Fu\u00df f\u00fcr die kommenden Wochen aus \u2013 und dann muss er den Neustart auch noch ohne seine Top-Pferde in Angriff nehmen: Nach sieben Jahren verl\u00e4sst er das Team der \u201eEcuries les Verdets\u201c um Pferdebesitzer Olivier De Coulon und kehrt in den heimischen Familienstall, das \u201eCentre equestre le Cudret\u201c in Corcelles, zur\u00fcck. &#8220;Ich werde diese unvergesslichen Momente, die ich dank den unglaublichen Pferden, die mir anvertraut wurden, erleben durfte, nie vergessen&#8221;, teilt er \u00fcber die Sozialen Medien mit. Vom EM-Partner Dubais du Bois Pinchet bis AK\u2019s Courage musste er sich von zw\u00f6lf Pferden verabschieden.<\/p>\n\n\n\n<p>Aber die Talente haben auch schon einen neuen Bereiter. Pferdebesitzer Olivier De Coulon verk\u00fcndete via Instagram, wer seine Pferde nun reiten wird: \u201eWir freuen uns sehr, mitteilen zu k\u00f6nnen, dass wir ab sofort mit Pius Schwizer zusammenarbeiten, der die Z\u00fcgel aller unserer Pferde \u00fcbernehmen wird.\u201c<\/p>\n","protected":false},"excerpt":{"rendered":"<p>F\u00fcr den jungen Schweizer Nationenpreisreiter Bryan Balsiger, gerde zum ersten Mal in den Top 30 der Weltrangliste, sortierte der September das Reiterleben jetzt grundlegend neu: Erst bremste ihn vor gut einer Woche ein Sehnenriss im Fu\u00df f\u00fcr die kommenden Wochen aus \u2013 und dann muss er den Neustart auch noch &hellip; <a class=\"kt-excerpt-readmore\" href=\"https:\/\/www.spring-reiter.de\/en\/index.php\/2023\/09\/22\/bryan-balsiger-mit-sehnenriss-ausser-gefecht-und-seine-pferde-wechseln-zu-pius-schwizer\/\" aria-label=\"Bryan Balsiger mit Sehnenriss au\u00dfer Gefecht und seine Pferde wechseln zu Pius Schwizer\">Read More<\/a><\/p>\n","protected":false},"author":3,"featured_media":66591,"comment_status":"closed","ping_status":"open","sticky":false,"template":"","format":"standard","meta":{"footnotes":""},"categories":[1],"tags":[],"class_list":["post-66590","post","type-post","status-publish","format-standard","has-post-thumbnail","hentry","category-allgemein"],"translation":{"provider":"WPGlobus","version":"3.0.2","language":"en","enabled_languages":["de","en"],"languages":{"de":{"title":true,"content":true,"excerpt":false},"en":{"title":false,"content":false,"excerpt":false}}},"_links":{"self":[{"href":"https:\/\/www.spring-reiter.de\/en\/index.php\/wp-json\/wp\/v2\/posts\/66590","targetHints":{"allow":["GET"]}}],"collection":[{"href":"https:\/\/www.spring-reiter.de\/en\/index.php\/wp-json\/wp\/v2\/posts"}],"about":[{"href":"https:\/\/www.spring-reiter.de\/en\/index.php\/wp-json\/wp\/v2\/types\/post"}],"author":[{"embeddable":true,"href":"https:\/\/www.spring-reiter.de\/en\/index.php\/wp-json\/wp\/v2\/users\/3"}],"replies":[{"embeddable":true,"href":"https:\/\/www.spring-reiter.de\/en\/index.php\/wp-json\/wp\/v2\/comments?post=66590"}],"version-history":[{"count":0,"href":"https:\/\/www.spring-reiter.de\/en\/index.php\/wp-json\/wp\/v2\/posts\/66590\/revisions"}],"wp:featuredmedia":[{"embeddable":true,"href":"https:\/\/www.spring-reiter.de\/en\/index.php\/wp-json\/wp\/v2\/media\/66591"}],"wp:attachment":[{"href":"https:\/\/www.spring-reiter.de\/en\/index.php\/wp-json\/wp\/v2\/media?parent=66590"}],"wp:term":[{"taxonomy":"category","embeddable":true,"href":"https:\/\/www.spring-reiter.de\/en\/index.php\/wp-json\/wp\/v2\/categories?post=66590"},{"taxonomy":"post_tag","embeddable":true,"href":"https:\/\/www.spring-reiter.de\/en\/index.php\/wp-json\/wp\/v2\/tags?post=66590"}],"curies":[{"name":"wp","href":"https:\/\/api.w.org\/{rel}","templated":true}]}}