{"id":66691,"date":"2023-09-27T21:47:48","date_gmt":"2023-09-27T19:47:48","guid":{"rendered":"https:\/\/www.spring-reiter.de\/?p=66691"},"modified":"2023-09-28T08:13:55","modified_gmt":"2023-09-28T06:13:55","slug":"nicht-verpassen-morgen-14-uhr-geht-es-fuer-team-germany-in-die-erste-runde-beim-nationenpreis-finale-in-barcelona","status":"publish","type":"post","link":"https:\/\/www.spring-reiter.de\/en\/index.php\/2023\/09\/27\/nicht-verpassen-morgen-14-uhr-geht-es-fuer-team-germany-in-die-erste-runde-beim-nationenpreis-finale-in-barcelona\/","title":{"rendered":"Nicht verpassen: Donnerstag 14 Uhr geht es f\u00fcr Team Germany in die erste Runde beim Nationenpreis-Finale in Barcelona"},"content":{"rendered":"\n<p>Noch wird \u00fcberall flei\u00dfig gewerkelt &#8211; werden die letzten Arbeiten an den nagelneuen Trib\u00fcnen verrichtet: Der Real Club de Polo hat sich ordentlich heraus geputzt. P\u00fcnktlich zur ersten Runde im  Nationenpreis-Finale soll alles fertig sein. Donnerstag um 14 Uhr ert\u00f6nt die erste Glocke f\u00fcr die Teams aus Argentinien, Australien, Belgien, Brasilien, Frankreich, Deutschland, Gro\u00dfbritannien, Irland, Italien, Mexiko, Niederlande, Spanien, Schweiz, USA und Usbekistan.<\/p>\n\n\n\n<p>Die deutsche Farben werden in diesem Jahr von Jana Wargers mit Dorette (v. Dollar du Murier), von Christian Kukuk und Checker (v. Comme il Faut), von Hans-Dieter Dreher mit Elysium (v. VDL Zirocco Blue) und Richard Vogel mit United Touch S (v. Untouched) vertreten. Die Mannschaft von Otto Becker geht als f\u00fcnftes Team ins Rennen. Fingers crossed. <\/p>\n\n\n\n<p>Heute gab es schon mal erste Trainingspringen bei 28 Grad Sonnenschein und unter Flutlicht. <\/p>\n\n\n\n<p>Die besten acht Teams vom Donnerstag ziehen in die mit 1.250.000 \u20ac dotierte Finalrunde am Sonntag ein, w\u00e4hrend die \u00fcbrigen L\u00e4nder am Samstagabend um den mit 300.000 \u20ac dotierten ChallengeCup k\u00e4mpfen werden.<\/p>\n\n\n\n<p>Die Startliste: <a href=\"https:\/\/www.longinestiming.com\/equestrian\/2023\/longines-fei-jumping-nations-cup-final-barcelona\/startlist_C2.html\">HIER <\/a><\/p>\n\n\n\n<p>clipmyhorse \u00fcbertr\u00e4gt live. spring-reiter.de berichtet live vor Ort. <\/p>\n","protected":false},"excerpt":{"rendered":"<p>Noch wird \u00fcberall flei\u00dfig gewerkelt &#8211; werden die letzten Arbeiten an den nagelneuen Trib\u00fcnen verrichtet: Der Real Club de Polo hat sich ordentlich heraus geputzt. P\u00fcnktlich zur ersten Runde im Nationenpreis-Finale soll alles fertig sein. Donnerstag um 14 Uhr ert\u00f6nt die erste Glocke f\u00fcr die Teams aus Argentinien, Australien, Belgien, &hellip; <a class=\"kt-excerpt-readmore\" href=\"https:\/\/www.spring-reiter.de\/en\/index.php\/2023\/09\/27\/nicht-verpassen-morgen-14-uhr-geht-es-fuer-team-germany-in-die-erste-runde-beim-nationenpreis-finale-in-barcelona\/\" aria-label=\"Nicht verpassen: Donnerstag 14 Uhr geht es f\u00fcr Team Germany in die erste Runde beim Nationenpreis-Finale in Barcelona\">Read More<\/a><\/p>\n","protected":false},"author":2,"featured_media":66695,"comment_status":"closed","ping_status":"open","sticky":false,"template":"","format":"standard","meta":{"footnotes":""},"categories":[1],"tags":[],"class_list":["post-66691","post","type-post","status-publish","format-standard","has-post-thumbnail","hentry","category-allgemein"],"translation":{"provider":"WPGlobus","version":"3.0.2","language":"en","enabled_languages":["de","en"],"languages":{"de":{"title":true,"content":true,"excerpt":false},"en":{"title":false,"content":false,"excerpt":false}}},"_links":{"self":[{"href":"https:\/\/www.spring-reiter.de\/en\/index.php\/wp-json\/wp\/v2\/posts\/66691","targetHints":{"allow":["GET"]}}],"collection":[{"href":"https:\/\/www.spring-reiter.de\/en\/index.php\/wp-json\/wp\/v2\/posts"}],"about":[{"href":"https:\/\/www.spring-reiter.de\/en\/index.php\/wp-json\/wp\/v2\/types\/post"}],"author":[{"embeddable":true,"href":"https:\/\/www.spring-reiter.de\/en\/index.php\/wp-json\/wp\/v2\/users\/2"}],"replies":[{"embeddable":true,"href":"https:\/\/www.spring-reiter.de\/en\/index.php\/wp-json\/wp\/v2\/comments?post=66691"}],"version-history":[{"count":0,"href":"https:\/\/www.spring-reiter.de\/en\/index.php\/wp-json\/wp\/v2\/posts\/66691\/revisions"}],"wp:featuredmedia":[{"embeddable":true,"href":"https:\/\/www.spring-reiter.de\/en\/index.php\/wp-json\/wp\/v2\/media\/66695"}],"wp:attachment":[{"href":"https:\/\/www.spring-reiter.de\/en\/index.php\/wp-json\/wp\/v2\/media?parent=66691"}],"wp:term":[{"taxonomy":"category","embeddable":true,"href":"https:\/\/www.spring-reiter.de\/en\/index.php\/wp-json\/wp\/v2\/categories?post=66691"},{"taxonomy":"post_tag","embeddable":true,"href":"https:\/\/www.spring-reiter.de\/en\/index.php\/wp-json\/wp\/v2\/tags?post=66691"}],"curies":[{"name":"wp","href":"https:\/\/api.w.org\/{rel}","templated":true}]}}