{"id":67088,"date":"2023-10-09T11:56:58","date_gmt":"2023-10-09T09:56:58","guid":{"rendered":"https:\/\/www.spring-reiter.de\/?p=67088"},"modified":"2023-10-09T11:57:03","modified_gmt":"2023-10-09T09:57:03","slug":"niederlaender-peter-van-der-waaij-wird-neuer-equipenchef-der-schweiz","status":"publish","type":"post","link":"https:\/\/www.spring-reiter.de\/en\/index.php\/2023\/10\/09\/niederlaender-peter-van-der-waaij-wird-neuer-equipenchef-der-schweiz\/","title":{"rendered":"Niederl\u00e4nder Peter van der Waaij wird neuer Equipenchef der Schweiz"},"content":{"rendered":"\n<p>Der bisherige Team-Assistent der niederl\u00e4ndischen Springreiter, Peter van der Waaij, \u00fcbernimmt per 1.\u00a0Januar 2024 das Amt des Kaderverantwortlichen und Equipenchefs Elite Springen von Michel Sorg. Dieser hatte im Fr\u00fchsommer nach seiner Ernennung zum CEO des SVPS seinen R\u00fccktritt per Ende Jahr angek\u00fcndigt. Thomas Fuchs betreut die Elite weiterhin als Coach, Daniel Etter bleibt stellvertretender Equipenchef.<\/p>\n\n\n\n<p>\u201eEin Team-Manager mit hervorragenden kommunikativen F\u00e4higkeiten, eine Person, die mit der internationalen Pferdesportszene vertraut ist \u2013 das war das gesuchte Profil f\u00fcr den Equipenchef der Schweizer Springreit-Elite. Mit dem ambitionierten und dynamischen Peter van der Waaij konnte der Schweizerische Verband f\u00fcr Pferdesport (SVPS) f\u00fcr dieses Amt eine ideale Besetzung gewinnen\u201c, hei\u00dft es in der Erkl\u00e4rung des Verbandes.<\/p>\n\n\n\n<p>Der 29-j\u00e4hrige Niederl\u00e4nder sammelte in den letzten zwei Jahren umfassende internationale Erfahrung als Assistent des Equipenchefs der Springreit-Elite seines Heimatlandes \u2013der ehemalige Olympiasieger und Weltmeister Jos Lansink f\u00fchrte ihn ein. Gemeinsam feierten sie gro\u00dfe Erfolge wie den Sieg im Nationenpreis von Rotterdam (NED) dieses Jahr oder die Silbermedaille an der Weltmeisterschaft in Herning (DEN) 2022. Dank seiner offenen und gewinnenden Pers\u00f6nlichkeit, aber auch aufgrund seiner ausgewiesenen Managementkompetenz, gilt Peter van der Waaij als l\u00f6sungsorientierter Br\u00fcckenbauer und Motivator, der Menschen zusammenbringt und fokussiert f\u00fchren kann.<\/p>\n\n\n\n<p>Als ehemaliger Pferdesportjournalist und Springsportkommentator kennt er die B\u00fchnen des internationalen Sports seit vielen Jahren. Gemeinsam mit seiner Frau f\u00fchrt er in den Niederlanden einen Ausbildungs- und Handelsstall f\u00fcr Springpferde, wo er insbesondere Managementaufgaben wahrnimmt.<\/p>\n\n\n\n<p>Peter van der Waaij wird sein Amt per 1. Januar 2024 antreten und freut sich auf die neue Aufgabe: \u201eVielen der Schweizer Teammitglieder bin ich bereits in den letzten Jahren auf den internationalen Turnieren begegnet und habe ihre Resultate verfolgt. Es ist mir wichtig, die nationale Pferdesport-Szene in der Schweiz noch besser kennenzulernen. Deshalb werde ich regelm\u00e4\u00dfig hier anzutreffen sein, damit ich pers\u00f6nlichen Kontakt mit den Organisatoren und Athleten pflegen kann. Ich freue mich sehr, mit dem Schweizer Team zu arbeiten, das zu den besten der Welt geh\u00f6rt, bin mir aber auch der gro\u00dfen Verantwortung bewusst, die diese Aufgabe mit sich bringt. Ich bin \u00fcberzeugt, dass wir gemeinsam als Team mit den Reiterinnen und Reitern, ihren Pferden, dem gesamten Staff, den Besitzern und Grooms die Schweiz an der Weltspitze vertreten werden.\u201c<\/p>\n\n\n\n<p>Im Zuge der Neuausrichtung der Disziplinenorganisation beim SVPS werden die Equipenchefs direkt in die neuen Technischen Komitees eingebunden und sind der zust\u00e4ndigen Sportmanagerin unterstellt. F\u00fcr die olympischen Disziplinen ist dies Evelyne Niklaus. Sie freut sich auf die Zusammenarbeit und betont: \u201ePeter van der Waaij hat uns mit seinem Fachwissen, der internationalen Erfahrung und seiner Organisationskompetenz \u00fcberzeugt. Dieses Gesamtpaket passt in unsere Vision f\u00fcr die Zukunft des Schweizer Pferdesports. Au\u00dferdem habe ich ihn bereits mehrfach in seiner heutigen Funktion f\u00fcr die Niederlande erlebt und habe keinen Zweifel, dass er einen hervorragenden Job machen wird. Er ist international gut vernetzt, mit den Turnierveranstaltern, den anderen Equipenchefs und Reitern. Das erleichtert den Start in die Olympiasaison massiv. Zudem kann er auf die enge Zusammenarbeit mit Thomas Fuchs und Daniel Etter z\u00e4hlen.\u201c<\/p>\n\n\n\n<p>Auch im Nachwuchsbereich wird der eingeschlagene Weg konsequent weitergef\u00fchrt. Die Zusammenarbeit von der Basis zum Spitzensport ist unabdingbar und reiht sich ein in die Weiterentwicklung der Nachwuchsf\u00f6rderung mit Swiss Equestrian Talents.<\/p>\n\n\n\n<p>Michel Sorg tr\u00e4gt bis Ende Jahr als Equipenchef die Verantwortung und n\u00fctzt die kommenden Wochen f\u00fcr die Amts\u00fcbergabe an Peter van der Waaij.<\/p>\n","protected":false},"excerpt":{"rendered":"<p>Der bisherige Team-Assistent der niederl\u00e4ndischen Springreiter, Peter van der Waaij, \u00fcbernimmt per 1.\u00a0Januar 2024 das Amt des Kaderverantwortlichen und Equipenchefs Elite Springen von Michel Sorg. Dieser hatte im Fr\u00fchsommer nach seiner Ernennung zum CEO des SVPS seinen R\u00fccktritt per Ende Jahr angek\u00fcndigt. Thomas Fuchs betreut die Elite weiterhin als Coach, &hellip; <a class=\"kt-excerpt-readmore\" href=\"https:\/\/www.spring-reiter.de\/en\/index.php\/2023\/10\/09\/niederlaender-peter-van-der-waaij-wird-neuer-equipenchef-der-schweiz\/\" aria-label=\"Niederl\u00e4nder Peter van der Waaij wird neuer Equipenchef der Schweiz\">Read More<\/a><\/p>\n","protected":false},"author":3,"featured_media":67089,"comment_status":"closed","ping_status":"open","sticky":false,"template":"","format":"standard","meta":{"footnotes":""},"categories":[1],"tags":[],"class_list":["post-67088","post","type-post","status-publish","format-standard","has-post-thumbnail","hentry","category-allgemein"],"translation":{"provider":"WPGlobus","version":"3.0.2","language":"en","enabled_languages":["de","en"],"languages":{"de":{"title":true,"content":true,"excerpt":false},"en":{"title":false,"content":false,"excerpt":false}}},"_links":{"self":[{"href":"https:\/\/www.spring-reiter.de\/en\/index.php\/wp-json\/wp\/v2\/posts\/67088","targetHints":{"allow":["GET"]}}],"collection":[{"href":"https:\/\/www.spring-reiter.de\/en\/index.php\/wp-json\/wp\/v2\/posts"}],"about":[{"href":"https:\/\/www.spring-reiter.de\/en\/index.php\/wp-json\/wp\/v2\/types\/post"}],"author":[{"embeddable":true,"href":"https:\/\/www.spring-reiter.de\/en\/index.php\/wp-json\/wp\/v2\/users\/3"}],"replies":[{"embeddable":true,"href":"https:\/\/www.spring-reiter.de\/en\/index.php\/wp-json\/wp\/v2\/comments?post=67088"}],"version-history":[{"count":0,"href":"https:\/\/www.spring-reiter.de\/en\/index.php\/wp-json\/wp\/v2\/posts\/67088\/revisions"}],"wp:featuredmedia":[{"embeddable":true,"href":"https:\/\/www.spring-reiter.de\/en\/index.php\/wp-json\/wp\/v2\/media\/67089"}],"wp:attachment":[{"href":"https:\/\/www.spring-reiter.de\/en\/index.php\/wp-json\/wp\/v2\/media?parent=67088"}],"wp:term":[{"taxonomy":"category","embeddable":true,"href":"https:\/\/www.spring-reiter.de\/en\/index.php\/wp-json\/wp\/v2\/categories?post=67088"},{"taxonomy":"post_tag","embeddable":true,"href":"https:\/\/www.spring-reiter.de\/en\/index.php\/wp-json\/wp\/v2\/tags?post=67088"}],"curies":[{"name":"wp","href":"https:\/\/api.w.org\/{rel}","templated":true}]}}