{"id":67422,"date":"2023-10-25T17:56:47","date_gmt":"2023-10-25T15:56:47","guid":{"rendered":"https:\/\/www.spring-reiter.de\/?p=67422"},"modified":"2025-01-11T12:05:40","modified_gmt":"2025-01-11T11:05:40","slug":"hansi-dreher-zu-olympia-2024-ich-bin-mir-ziemlich-sicher-dass-elysium-das-gut-springen-kann","status":"publish","type":"post","link":"https:\/\/www.spring-reiter.de\/en\/index.php\/2023\/10\/25\/hansi-dreher-zu-olympia-2024-ich-bin-mir-ziemlich-sicher-dass-elysium-das-gut-springen-kann\/","title":{"rendered":"Hansi Dreher zu Olympia 2024: \u201eIch bin mir ziemlich sicher, dass Elysium das gut springen kann.\u201c"},"content":{"rendered":"\n<p>Vor zwei Jahren wurde er unsanft ausgebremst. Starke Schmerzen und eine notwendige R\u00fccken-OP verordneten Hans-Dieter Dreher eine reiterliche Zwangspause. Und eigentlich wollte er danach auch k\u00fcrzertreten. Eigentlich. Doch das ist Schnee von gestern. Der 51-J\u00e4hrige reitet auf der Erfolgswelle. Anfang Oktober war er im Sattel des Holsteiners Elysium mit zwei fehlerfreien Runden als bester deutscher Reiter beim Nationenpreis-Finale in Barcelona ma\u00dfgeblich am souver\u00e4nen Sieg des deutschen Teams beteiligt. Ob in Spanien, als Vierter im Gro\u00dfen Preis von Calgary, beim CHIO Aachen, in M\u00fcnster, Riesenbeck, Donaueschingen, Hamburg, Rotterdam, Doha oder Amsterdam \u2013 Hansi Dreher reitet derzeit von Erfolg zu Erfolg.\u00a0\u00a0Jetzt hat die aktuelle Nummer 26 der FEI Weltrangliste sogar Olympia in Paris im Visier.<\/p>\n\n\n\n<p>spring-reiter.de hat mit dem Badener \u00fcber gro\u00dfe Ziele, Pferde-Liebe auf den ersten Blick, leidenschaftliche Sponsoren und enge Freundschaften unter den Springreitern gesprochen. Und er hat uns verraten, was er so gar nicht ausstehen kann.&nbsp;<\/p>\n\n\n\n<p><em>Auf Hansi Dreher ist Verlass<\/em>. Bei f\u00fcnf Nationenpreisen in 2023 konnte Bundestrainer Otto Becker auf den Einsatz von Hansi Dreher z\u00e4hlen. Es ist ihm eine Ehre, die deutschen Farben zu vertreten: \u201eJa, das stimmt. Ich habe im Moment auch den Vorteil, dass ich ein paar richtig gute Pferde habe. Deswegen funktioniert das auch\u201c, grinst Hansi Dreher im Gespr\u00e4ch mit spring-reiter.de&nbsp;<\/p>\n\n\n\n<p>Der Spitzenreiter ist gut drauf. Es l\u00e4uft f\u00fcr ihn. \u201eIch f\u00fchle mich gut, habe null Beschwerden, keine Einschr\u00e4nkungen. Das war vor rund zwei Jahren ganz anders\u201c, erinnert sich Dreher. Damals hatte er massive Probleme mit der Bandscheibe. Alles fing auf einem Turnier an. \u201eIch war im Ziel, und das Pferd bockte so links-rechts und danach hatte ich ein steifes Genick. Ich bin dann noch ein paar Turniere geritten, aber irgendwann konnte ich nicht mehr, die Schmerzen waren zu gro\u00df.\u201c Dreher wurde operiert: \u201eDie haben im Halsbereich zwei Wirbel versteift.\u201c Schnell ging es zur\u00fcck in den Sattel und in die Erfolgsspur. Von k\u00fcrzertreten keine Spur.&nbsp;<\/p>\n\n\n\n<p>\u201eDie kaufen immer so gute Pferde\u201c, lacht sich Hansi Dreher. \u201aDie\u2018, das sind die Sponsoren von Hansi Dreher, die Familie Aregger. Die Springsport begeisterten Areggers sind ein Gl\u00fccksfall f\u00fcr Hansi. Sie begleiten ihn oft zu Turnieren, unterst\u00fctzen ihn, teilen die gleiche Leidenschaft. Das hilft. \u201eIch habe mittlerweile keine Beritt-Pferde mehr. Ich bin ja auch \u00e4lter geworden und will nicht mehr so viel reiten\u201c, schmunzelt Hansi Dreher, der nur noch die Aregger-Pferde reitet. \u201eDas sind immer so zwischen acht und zehn Pferde. Ich bin auch bei denen angestellt\u201c, erz\u00e4hlt der Springreiter.&nbsp;<\/p>\n\n\n\n<p>Die Sponsoren und der Nationenpreisreiter kennen sich schon lange. \u201eIch bin fr\u00fcher schon mal zwei, drei Pferde f\u00fcr sie geritten, sp\u00e4ter haben wir uns aber aus den Augen verloren\u201c, erinnert sich Dreher. \u201eDann war es eigentlich ganz lustig. Die hatten ein Pferd, der war so ein bisschen speziell. Damit ist Herr Aregger Amateur-Springen geritten, aber das ging nicht so gut. Und dann haben sie mich gefragt, ob ich den reiten w\u00fcrde. So kam das dann\u201c, erkl\u00e4rt Dreher. Er hatte damals noch den Schweizer Unternehmer Roland Zanotelli als Sponsor, dem unter anderem Berlinda geh\u00f6rte. Weil auch der aus Altersgr\u00fcnden k\u00fcrzertreten wollte, \u00fcbernahm Familie Aregger irgendwann alle Pferde.&nbsp;&nbsp;<\/p>\n\n\n\n<p>\u201eHeute sichten und suchen wir zusammen neue Pferde\u201c, sagt Hansi Dreher. Die meisten vierbeinigen Sportpartner bekommen sie von einem befreundeten H\u00e4ndler in der Schweiz. \u201eWenn er ein gutes Pferd hat, dann ruft er uns an. Fast alle Pferde sind von ihm\u201c, verr\u00e4t Dreher.&nbsp;<\/p>\n\n\n\n<p><em>Sein absolutes Top-Pferd derzeit ist der Holsteiner Elysium (v. Zirocco Blue)<\/em>. Mit dem gro\u00dfrahmigen Schimmel lieferte er im Nationenpreis-Finale in Barcelona zwei Null-Runden f\u00fcr Team-Deutschland ab und war damit auch ma\u00dfgeblich f\u00fcr den Mannschafts-Sieg verantwortlich. \u201eLiebe auf den ersten Blick\u201c, war es zwischen Hansi Dreher und dem heute elfj\u00e4hrigen Schimmel. \u201eSeine ganze Erscheinung ist eindrucksvoll und wenn der so abhebt, kann jeder sehen, dass der viel drinnen hat\u201c, schw\u00e4rmt sein Reiter.&nbsp;<\/p>\n\n\n\n<p>So ganz ohne Dissonanzen verliefen die ersten gemeinsamen Starts allerdings nicht. \u201eAm Anfang hatte ich Probleme auf dem Abreite-Platz. Wenn da viel Hektik herrschte, wurde er schon auch nerv\u00f6s. Der hat richtig viel Blut, das sieht immer so aus, als w\u00e4re er so ruhig. Aber das t\u00e4uscht\u201c, wei\u00df Dreher, der mit Elysium auch im Nationenpreis in Calgary Zweiter mit dem deutschen Team wurde.&nbsp;<\/p>\n\n\n\n<p><em>F\u00fcr 2024 nehmen die beiden ein besonders schweres Championat ins Visier.<\/em> \u201eOlympia in Paris ist schon ein Ziel. Ich bin mir mittlerweile ziemlich sicher, dass Elysium das gut springen kann &#8211; nicht nur mitmachen, sondern so einen schweren Parcours richtig, richtig gut springen kann\u201c, ist Hansi Dreher \u00fcberzeugt.&nbsp;&nbsp;Die Konkurrenz im deutschen Springreiter-Lager schreckt ihn nicht: \u201eKonkurrenz ist immer gut, das spornt an. Klar, ich will immer das Beste geben, wie viele andere auch\u201c, lacht Hansi Dreher angriffslustig.&nbsp;<\/p>\n\n\n\n<p>Schon jetzt wird der Turnierkalender auf das gro\u00dfe Ereignis angepasst. \u201eWir m\u00fcssen nat\u00fcrlich schauen, wie sich das ganze Jahr entwickelt. Ich m\u00f6chte so planen, dass Elysium zu dem Datum Olympia richtig gut in Schuss ist\u201c, bringt Dreher seinen Plan auf den Punkt.&nbsp;<\/p>\n\n\n\n<p><em>Die meisten Siegerschleifen im Stall Dreher heimst allerdings nicht Elysium, sondern der flinke Franzose Vestmalle des Cotis ein<\/em>. Der Baloubet du Rouet-Sohn ist ein Serien-Sieger. \u201eWeil er so schnell ist\u201c, lacht sein Reiter. Liebe auf den ersten Blick war es zwischen Dreher und dem rappeligen Fuchs allerdings auch \u201egar nicht. Der ist ein ganz spezielles Pferd beim Reiten. Die Abstammung Baloubet x Landor S sagt ja schon, dass er nicht der Einfachste ist. Der hat eine Riesen-Einstellung. Er ist vorsichtig, hat Verm\u00f6gen, das alles ist richtig gut. Aber beim Ausprobieren ist er mit mir schon hingelaufen, wo er wollte\u201c, erinnert sich Hansi Dreher.&nbsp;<\/p>\n\n\n\n<p>Er war anfangs nicht \u00fcberzeugt von dem Pferd. Lie\u00df sich jedoch vom Schweizer H\u00e4ndler seines Vertrauens doch \u00fcberzeugen, sich und dem Fuchs eine Chance zu geben. \u201eDaf\u00fcr muss ich dem auch noch mal danken. Er meinte damals, \u201anun nimm den mit, reite ihn drei Monate und dann schauen wir weiter\u2018. Er kannte ihn ja, wusste, dass der richtig springen kann. Und dann war das auch auf dem Turnier gleich viel einfacher als zu Hause\u201c, so Dreher. Bis heute springt er mit Vestmalle des Cotis zu Hause nie. \u201eDer macht sich zu viel Stress, der will alles zu gut machen. Und seitdem ich den zu Hause nicht mehr springe, geht es ihm gut. Ich mache normale Dressur-Arbeit. Wir gehen auch viel ins Gel\u00e4nde und er kommt auf die Weide. Sowieso kommen alle meine Pferde auf die Weide\u201c, erz\u00e4hlt Hansi Dreher.&nbsp;<\/p>\n\n\n\n<p>Mittlerweile ist Vestmalle des Cotis auch etwas ruhiger geworden, hat Hansi ihn auf seine Seite gezogen. Mit viel Zeit und Geduld. \u201eMan muss sich viel mit den Pferden besch\u00e4ftigen. Ich habe ein super Team zu Hause, mein Pfleger Stefan, der ist schon 16 Jahre bei mir. Der k\u00fcmmert sich um die Pferde. Dann habe ich eine sehr gute Bereiterin. Die arbeitet die Pferde, und meine Frau macht auch mit, genauso wie mein Sohn Ben. Da bin ich sehr zufrieden mit meinem Team. Damit ich so ein wenig den R\u00fccken frei habe\u201c, freut sich der Spitzenreiter, der fast jedes Wochenende auf internationalen Turnieren unterwegs ist.<strong>&nbsp;<\/strong><\/p>\n\n\n\n<p><em>Und was ist ihm bei seinen Pferden am Wichtigsten?<\/em> \u201eDie Einstellung\u201c, antwortet Hans-Dieter Dreher wie aus der Pistole geschossen: \u201eDa ist Vestmalle das beste Beispiel. Farbe, Abstammung, das ist egal. Es kommt auf die Einstellung an.\u201c Seine jahrelange Erfahrung hilft ihm, schnell heraus zu finden, ob ein Pferd die gew\u00fcnschte Eigenschaft hat, oder eben nicht: \u201eDas ist Gef\u00fchlssache.\u201c&nbsp;&nbsp;<\/p>\n\n\n\n<p>Ein gutes Gef\u00fchl hat er auch bei seiner Nachwuchs-Hoffnung: \u201eWir haben einen richtig guten Sechsj\u00e4hrigen. Das ist ein Sohn von der Twenty Clary, die ich fr\u00fcher geritten bin. Den haben wir erst dieses Jahr gekauft. Der geht jetzt Springpferdepr\u00fcfungen und springt schon jetzt richtig, richtig gut. Und er ist ganz einfach. Im Moment wird er von Michi Herhalt vorgestellt.&nbsp;&nbsp;Der Plan w\u00e4re, dass er n\u00e4chstes Jahr ein bisschen Youngster Touren mit mir geht.\u201c&nbsp;<\/p>\n\n\n\n<p>Bis zu einem Gro\u00dfen Preis am Sonntagnachmittag ist es nat\u00fcrlich noch ein langer Weg. Dreher erinnert sich gerne an einen seiner sch\u00f6nsten Erfolge in der Heimat zur\u00fcck: \u201eDer Sieg mit Embassy in Stuttgart war sicher einer meiner sch\u00f6nsten Siege.\u201c Mit dem bildh\u00fcbschen, schwarzbraunen Escudo-Sohn hatte Dreher 2013 die Weltcup-Etappe in Stuttgart gewonnen, sp\u00e4ter folgten u.a. Siege in Oslo und Leipzig (2015) sowie Nationenpreiseins\u00e4tze. \u201eAm Ende sind es immer zwei, die H\u00f6chstleistungen bringen m\u00fcssen, die in diesen zwei Minuten im Parcours top drauf sein m\u00fcssen. Das ist schon eine enorme Herausforderung\u201c, bringt Dreher seine Faszination f\u00fcr den Springsport auf den Punkt.&nbsp;<\/p>\n\n\n\n<p>E<em>in Beispiel f\u00fcr absolute Harmonie zwischen Pferd und Reiter ist f\u00fcr Dreher auch der Sieg im Gro\u00dfen Preis von M\u00fcnster mit Vestmalle des Cotis in diesem Jahr.<\/em> \u201eDas war ein Hammer Stechen\u201c, lacht Dreher, der sich gerne mal Rat bei seinem Kollegen Marcus Ehning holt: \u201eMit ihm tausche ich mich oft aus. Ich war auch schon fr\u00fcher einige Male bei ihm zum Trainieren.\u201c&nbsp;<\/p>\n\n\n\n<p>Auch bei ihm zu Hause sind Zuschauer im Stall durchaus willkommen: \u201eWenn jemand beim Training zugucken m\u00f6chte, dann ist er willkommen. Ich finde es wichtig, dass wir alles transparent machen und offenhalten. Damit ist der Springsport auf einen guten Weg\u201c, findet Dreher, der sich selber als ruhig und ausgeglichen beschreibt. Eine Charaktereigenschaft, die auch im Umgang mit den Pferden hilft. Nur \u201eUnehrlichkeit\u201c kann den in sich ruhenden Dreher schon mal in Rage bringen. \u201eDas kann ich \u00fcberhaupt nicht ausstehen.\u201c&nbsp;<\/p>\n\n\n\n<p>Er ist mit Pferden aufgewachsen, sein Vater betrieb einen Reitstall. Mit sieben Jahren nahm er an ersten Reiterwettbewerben teil. Als Achtj\u00e4hriger startete er in seinem ersten E-Springen, wurde sp\u00e4ter bei den Junioren zweimal Baden-W\u00fcrttembergischer Meister sowie Neunter bei der Deutschen Meisterschaft. Auch bei den Jungen Reitern holte sich Hans-Dieter Dreher zwei Landesmeister-Titel, denen 2005 der Erfolg bei den Senioren folgte. Nach den Lehrjahren im elterlichen Stall arbeitete Hans-Dieter Dreher drei Jahre lang als Handelsreiter im Elsass und stellte die Verkaufspferde von Pierre Baldeck auf Turnieren im Dreil\u00e4ndereck vor, &#8220;da habe ich gelernt, mich auf die verschiedensten Pferde einzustellen&#8221;. Das kommt ihm noch heute zu Gute.&nbsp;<\/p>\n\n\n\n<p>Und das bringt er auch seinem demn\u00e4chst 15j\u00e4hrigen Sohn Ben bei, der am liebsten ohne Umwege direkt in die Fu\u00dfstapfen des erfolgreichen Vaters treten w\u00fcrde: \u201eAm Anfang hatte ich schon Angst beim Zusehen. Da war er noch so ein kleiner St\u00f6psel und da musste ich schon sehen, dass das Pferd mit ihm kein Mist macht. Mittlerweile ist er gr\u00f6\u00dfer, hat mehr Einwirkung. Jetzt bin ich auch gelassener\u201c, gibt der stolze Vater zu. Derzeit ist der Sohn auf L und M-Niveau im Springsattel unterwegs.&nbsp;&nbsp;\u201eDer Plan ist, dass er eine kaufm\u00e4nnische Lehre macht. Das will er eigentlich nicht, er will nur reiten. Aber eine kaufm\u00e4nnische Ausbildung kann am Ende auch helfen, wenn man sp\u00e4ter einen eigenen Betrieb f\u00fchren m\u00f6chte\u201c, findet Hansi, der sich ein Leben ohne Pferde niemals vorstellen k\u00f6nnte.&nbsp;<\/p>\n\n\n\n<p><em>In der wenigen Freizeit \u201ek\u00fcmmere ich mich um meine Familie\u201c. <\/em>An anderen Sportarten wie zum Beispiel Fu\u00dfball hat der passionierte Pferdemann kein gro\u00dfes Interesse. Auch Urlaub steht eher selten im Kalender. \u201eMeine Frau und ich fahren gerne mal f\u00fcr ein paar Tage in den Wellness-Urlaub. Aber nach f\u00fcnf Tagen reichte es dann auch wieder\u201c, grinst Dreher. Er ist Pferdemensch, ein Team-Player, heimatverbunden und bescheiden. Da wei\u00df auch der Bundestrainer immer, was er an ihm hat und dass er jederzeit auf ihn bauen kann.<\/p>\n\n\n\n<p>Text und Interview: Corinna Philipps.  Fotos: Julie Suhr <\/p>\n","protected":false},"excerpt":{"rendered":"<p>Vor zwei Jahren wurde er unsanft ausgebremst. Starke Schmerzen und eine notwendige R\u00fccken-OP verordneten Hans-Dieter Dreher eine reiterliche Zwangspause. Und eigentlich wollte er danach auch k\u00fcrzertreten. Eigentlich. Doch das ist Schnee von gestern. Der 51-J\u00e4hrige reitet auf der Erfolgswelle. Anfang Oktober war er im Sattel des Holsteiners Elysium mit zwei &hellip; <a class=\"kt-excerpt-readmore\" href=\"https:\/\/www.spring-reiter.de\/en\/index.php\/2023\/10\/25\/hansi-dreher-zu-olympia-2024-ich-bin-mir-ziemlich-sicher-dass-elysium-das-gut-springen-kann\/\" aria-label=\"Hansi Dreher zu Olympia 2024: \u201eIch bin mir ziemlich sicher, dass Elysium das gut springen kann.\u201c\">Read More<\/a><\/p>\n","protected":false},"author":2,"featured_media":67423,"comment_status":"closed","ping_status":"open","sticky":false,"template":"","format":"standard","meta":{"footnotes":""},"categories":[1,66],"tags":[],"class_list":["post-67422","post","type-post","status-publish","format-standard","has-post-thumbnail","hentry","category-allgemein","category-interviews"],"translation":{"provider":"WPGlobus","version":"3.0.2","language":"en","enabled_languages":["de","en"],"languages":{"de":{"title":true,"content":true,"excerpt":false},"en":{"title":false,"content":false,"excerpt":false}}},"_links":{"self":[{"href":"https:\/\/www.spring-reiter.de\/en\/index.php\/wp-json\/wp\/v2\/posts\/67422","targetHints":{"allow":["GET"]}}],"collection":[{"href":"https:\/\/www.spring-reiter.de\/en\/index.php\/wp-json\/wp\/v2\/posts"}],"about":[{"href":"https:\/\/www.spring-reiter.de\/en\/index.php\/wp-json\/wp\/v2\/types\/post"}],"author":[{"embeddable":true,"href":"https:\/\/www.spring-reiter.de\/en\/index.php\/wp-json\/wp\/v2\/users\/2"}],"replies":[{"embeddable":true,"href":"https:\/\/www.spring-reiter.de\/en\/index.php\/wp-json\/wp\/v2\/comments?post=67422"}],"version-history":[{"count":0,"href":"https:\/\/www.spring-reiter.de\/en\/index.php\/wp-json\/wp\/v2\/posts\/67422\/revisions"}],"wp:featuredmedia":[{"embeddable":true,"href":"https:\/\/www.spring-reiter.de\/en\/index.php\/wp-json\/wp\/v2\/media\/67423"}],"wp:attachment":[{"href":"https:\/\/www.spring-reiter.de\/en\/index.php\/wp-json\/wp\/v2\/media?parent=67422"}],"wp:term":[{"taxonomy":"category","embeddable":true,"href":"https:\/\/www.spring-reiter.de\/en\/index.php\/wp-json\/wp\/v2\/categories?post=67422"},{"taxonomy":"post_tag","embeddable":true,"href":"https:\/\/www.spring-reiter.de\/en\/index.php\/wp-json\/wp\/v2\/tags?post=67422"}],"curies":[{"name":"wp","href":"https:\/\/api.w.org\/{rel}","templated":true}]}}