{"id":68149,"date":"2023-11-19T20:00:01","date_gmt":"2023-11-19T19:00:01","guid":{"rendered":"https:\/\/www.spring-reiter.de\/?p=68149"},"modified":"2023-11-19T20:00:05","modified_gmt":"2023-11-19T19:00:05","slug":"fei-laesst-russen-und-weissrussen-als-neutrale-wieder-starten","status":"publish","type":"post","link":"https:\/\/www.spring-reiter.de\/en\/index.php\/2023\/11\/19\/fei-laesst-russen-und-weissrussen-als-neutrale-wieder-starten\/","title":{"rendered":"FEI l\u00e4sst Russen und Wei\u00dfrussen als &#8220;Neutrale&#8221; wieder starten"},"content":{"rendered":"\n<p>W\u00e4hrend die Sanktionen, die die Durchf\u00fchrung internationaler Wettk\u00e4mpfe in Russland und Wei\u00dfrussland verbieten, bestehen bleiben, hat der FEI-Vorstand beschlossen, die k\u00fcnftige Teilnahme russischer und wei\u00dfrussischer Athleten, Pferde und Offizieller als Neutrale zu erm\u00f6glichen. Die Bedingungen und der Zeitplan f\u00fcr die Umsetzung werden dem FEI-Vorstand auf einer Telekonferenz im Dezember 2023 zur Genehmigung vorgelegt.<\/p>\n\n\n\n<p>Der FEI-Vorstand hat die Ma\u00dfnahmen, die am 2. M\u00e4rz 2022 nach der milit\u00e4rischen Invasion in der Ukraine gegen russische und wei\u00dfrussische Athleten, Pferde und Offizielle verh\u00e4ngt worden waren, auf seiner Pr\u00e4senzsitzung am 18. November 2023 in Mexiko-Stadt ausf\u00fchrlich er\u00f6rtert.<\/p>\n\n\n\n<p>Das Gremium wurde \u00fcber die j\u00fcngste Position des Internationalen Olympischen Komitees informiert, das die internationalen Verb\u00e4nde aufgefordert hatte, die Wiederzulassung russischer und belarussischer Athleten zu internationalen Wettk\u00e4mpfen unter bestimmten Bedingungen zu erw\u00e4gen, sowie \u00fcber die ver\u00e4nderte Situation bei anderen internationalen Verb\u00e4nden. Es wurde festgestellt, dass sich die Situation in anderen Sportarten seit der Einf\u00fchrung der Ma\u00dfnahmen vor \u00fcber 18 Monaten ge\u00e4ndert hat und dass russische und belarussische Einzelsportler nach und nach wieder als neutrale Sportler neben ukrainischen Athleten an internationalen Wettk\u00e4mpfen teilnehmen, ohne dass es zu nennenswerten St\u00f6rungen kommt.<\/p>\n\n\n\n<p>Der Vorstand nahm zur Kenntnis, dass die urspr\u00fcnglichen Schutzma\u00dfnahmen auf Empfehlung des Internationalen Olympischen Komitees eingef\u00fchrt worden waren, erkannte jedoch an, dass die derzeit geltenden Ma\u00dfnahmen m\u00f6glicherweise nicht l\u00e4nger eine Schutzfunktion erf\u00fcllen und daher \u00fcberdacht werden m\u00fcssen.<\/p>\n\n\n\n<p>Die FEI-Zentrale wurde vom Vorstand beauftragt, die Bedingungen und den Zeitplan festzulegen, die es einzelnen russischen und wei\u00dfrussischen Athleten, Pferden und Offiziellen erlauben, ihre Teilnahme an FEI-Veranstaltungen als Neutrale wieder aufzunehmen. In der Zwischenzeit sind russische und wei\u00dfrussische Athleten, Pferde und Offizielle weiterhin nicht berechtigt, an FEI-Veranstaltungen teilzunehmen.<\/p>\n\n\n\n<p>Der Vorstand nutzte die Gelegenheit, um seine volle Unterst\u00fctzung f\u00fcr das ukrainische Volk zu bekr\u00e4ftigen, das enorm gelitten hat und weiterhin leidet, und sagte der ukrainischen Reitsportgemeinschaft seine weitere Solidarit\u00e4t und Unterst\u00fctzung durch den FEI Solidarity Relief Fund zu.<\/p>\n","protected":false},"excerpt":{"rendered":"<p>W\u00e4hrend die Sanktionen, die die Durchf\u00fchrung internationaler Wettk\u00e4mpfe in Russland und Wei\u00dfrussland verbieten, bestehen bleiben, hat der FEI-Vorstand beschlossen, die k\u00fcnftige Teilnahme russischer und wei\u00dfrussischer Athleten, Pferde und Offizieller als Neutrale zu erm\u00f6glichen. Die Bedingungen und der Zeitplan f\u00fcr die Umsetzung werden dem FEI-Vorstand auf einer Telekonferenz im Dezember 2023 &hellip; <a class=\"kt-excerpt-readmore\" href=\"https:\/\/www.spring-reiter.de\/en\/index.php\/2023\/11\/19\/fei-laesst-russen-und-weissrussen-als-neutrale-wieder-starten\/\" aria-label=\"FEI l\u00e4sst Russen und Wei\u00dfrussen als &#8220;Neutrale&#8221; wieder starten\">Read More<\/a><\/p>\n","protected":false},"author":3,"featured_media":31854,"comment_status":"closed","ping_status":"open","sticky":false,"template":"","format":"standard","meta":{"footnotes":""},"categories":[1],"tags":[],"class_list":["post-68149","post","type-post","status-publish","format-standard","has-post-thumbnail","hentry","category-allgemein"],"translation":{"provider":"WPGlobus","version":"3.0.2","language":"en","enabled_languages":["de","en"],"languages":{"de":{"title":true,"content":true,"excerpt":false},"en":{"title":false,"content":false,"excerpt":false}}},"_links":{"self":[{"href":"https:\/\/www.spring-reiter.de\/en\/index.php\/wp-json\/wp\/v2\/posts\/68149","targetHints":{"allow":["GET"]}}],"collection":[{"href":"https:\/\/www.spring-reiter.de\/en\/index.php\/wp-json\/wp\/v2\/posts"}],"about":[{"href":"https:\/\/www.spring-reiter.de\/en\/index.php\/wp-json\/wp\/v2\/types\/post"}],"author":[{"embeddable":true,"href":"https:\/\/www.spring-reiter.de\/en\/index.php\/wp-json\/wp\/v2\/users\/3"}],"replies":[{"embeddable":true,"href":"https:\/\/www.spring-reiter.de\/en\/index.php\/wp-json\/wp\/v2\/comments?post=68149"}],"version-history":[{"count":0,"href":"https:\/\/www.spring-reiter.de\/en\/index.php\/wp-json\/wp\/v2\/posts\/68149\/revisions"}],"wp:featuredmedia":[{"embeddable":true,"href":"https:\/\/www.spring-reiter.de\/en\/index.php\/wp-json\/wp\/v2\/media\/31854"}],"wp:attachment":[{"href":"https:\/\/www.spring-reiter.de\/en\/index.php\/wp-json\/wp\/v2\/media?parent=68149"}],"wp:term":[{"taxonomy":"category","embeddable":true,"href":"https:\/\/www.spring-reiter.de\/en\/index.php\/wp-json\/wp\/v2\/categories?post=68149"},{"taxonomy":"post_tag","embeddable":true,"href":"https:\/\/www.spring-reiter.de\/en\/index.php\/wp-json\/wp\/v2\/tags?post=68149"}],"curies":[{"name":"wp","href":"https:\/\/api.w.org\/{rel}","templated":true}]}}