{"id":68325,"date":"2023-11-29T17:13:00","date_gmt":"2023-11-29T16:13:00","guid":{"rendered":"https:\/\/www.spring-reiter.de\/?p=68325"},"modified":"2023-11-29T17:13:03","modified_gmt":"2023-11-29T16:13:03","slug":"33-mecklenburger-koertage-auf-dem-landgestuet-redefin","status":"publish","type":"post","link":"https:\/\/www.spring-reiter.de\/en\/index.php\/2023\/11\/29\/33-mecklenburger-koertage-auf-dem-landgestuet-redefin\/","title":{"rendered":"33.Mecklenburger K\u00f6rtage auf dem Landgest\u00fct Redefin"},"content":{"rendered":"\n<p>Wie jedes Jahr in der sch\u00f6nen Adventszeit hei\u00dft es auf dem Gel\u00e4nde des historischen Landgest\u00fcts Redefin \u201eDieser Hengst ist gek\u00f6rt, the stallion is licensed!\u201c. Der Verband der Pferdez\u00fcchter MV e.V. l\u00e4dt zu seinen 33. Mecklenburger K\u00f6rtagen vom 7.-9. Dezember ein. Es wird ein Lot von ca. 85 qualit\u00e4tsvollen Reitpferdehengsten und 30 Hengsten der Pony-, Kleinpferde und sonstigen Rassen erwartet. \u201eWir freuen uns, dass so viele Z\u00fcchter, Aufz\u00fcchter und Hengsthalter uns in diesen unruhigen Zeiten ihr Vertrauen schenken und zu uns nach Mecklenburg-Vorpommern kommen!\u201c, so Zuchtleiterin Karoline Gehring.<\/p>\n\n\n\n<p>Der Donnerstag beginnt mit der K\u00f6rung der PKS-Rassen auf dem Pflaster, im Freilauf und ggf. Freispringen. Hier zeigen sich Anw\u00e4rter der Rassen Shetlandpony, Welsh A und B, Lewitzer, Deutsches Reitpony, Connemara, Kleines Deutsches Reitpferd und Pinto.<\/p>\n\n\n\n<p>Ab Freitag, dem 8. Dezember ist das Landgest\u00fct dann ganz die B\u00fchne der Reitpferdehengste. Beginnend mit der Pflastermusterung folgt ab Freitagmittag das Freispringen der Dressurhengste. Samstag schlie\u00dft sich das Freilaufen der Dressurhengste und Freispringen der springbetonten Youngster an. Hier verk\u00fcndet die K\u00f6rkommission ihre fachkundigen Urteile und vergibt das hei\u00dfbegehrte Attribut \u201ePr\u00e4mienhengst\u201c. Den feierlichen Abschluss der K\u00f6rtage bildet die Verk\u00fcndung des Siegerhengstes und des \u201eBesten Mecklenburgers\u201c.<\/p>\n\n\n\n<p>Im Dressurlot werden einige Hengste des Vererbers Dynamic Dream erwartet, der aktuell mit seinen Nachkommen auf vielen K\u00f6rpl\u00e4tzen f\u00fcr Furore sorgt. Aber auch S\u00f6hne der bekannten Vererber wie z.B. Danciero, Dimaggio Black, For Romance, Sir Donnerhall, Total Hope und Vitalis werden das Redefiner Parkett betreten.<\/p>\n\n\n\n<p>Bei den Springhengsten stellen u.a. Vererber wie Cornet de Semilly, Baggio, Condoctro, Kannan und Zirocco Blue Nachkommen. Auch der Anf\u00fchrer des WBFSH-Rankings Diamant de Semilly schickt zwei seiner S\u00f6hne auf den Redefiner K\u00f6rplatz.<\/p>\n\n\n\n<p>Ein weiteres Highlight ist die 3. Onlineauktion der gek\u00f6rten und nicht-gek\u00f6rten Hengste im Rahmen der 33. Mecklenburger K\u00f6rtage. Eine Kollektion von rund 35 qualit\u00e4tsvollen Hengsten kann hier zwischen dem 10.-12.Dezember ersteigert werden. \u201eNach dem Erfolg der letztj\u00e4hrigen Auktion hoffen wir, unseren Kunden weltweit wieder interessante Youngster anbieten zu k\u00f6nnen!\u201c merkt Karoline Gehring an. Ende November wird die Kollektion auf den verschiedensten Plattformen online sein. N\u00e4heres hierzu erfahren Sie auf unserer Homepage unter www.pzvmv.de! Vielleicht sichern Sie sich hier einen so erfolgreichen Mecklenburger wie Ubiluc, der dieses Jahr die Titelseite unseres K\u00f6rkataloges schm\u00fccken wird. Vom Redefiner K\u00f6rplatz 2015 aus, fungierte er eine Zeit als Landbesch\u00e4ler, um nun international mit seinem Reiter Mark Bluman erfolgreich bis 1,60m- Springen unterwegs zu sein!<br>Wir freuen uns auf Sie vor Ort als Zuschauer! Nat\u00fcrlich wird die K\u00f6rung aber auch wieder via Livestream von ClipMyHorse \u00fcbertragen!<\/p>\n","protected":false},"excerpt":{"rendered":"<p>Wie jedes Jahr in der sch\u00f6nen Adventszeit hei\u00dft es auf dem Gel\u00e4nde des historischen Landgest\u00fcts Redefin \u201eDieser Hengst ist gek\u00f6rt, the stallion is licensed!\u201c. Der Verband der Pferdez\u00fcchter MV e.V. l\u00e4dt zu seinen 33. Mecklenburger K\u00f6rtagen vom 7.-9. Dezember ein. Es wird ein Lot von ca. 85 qualit\u00e4tsvollen Reitpferdehengsten und &hellip; <a class=\"kt-excerpt-readmore\" href=\"https:\/\/www.spring-reiter.de\/en\/index.php\/2023\/11\/29\/33-mecklenburger-koertage-auf-dem-landgestuet-redefin\/\" aria-label=\"33.Mecklenburger K\u00f6rtage auf dem Landgest\u00fct Redefin\">Read More<\/a><\/p>\n","protected":false},"author":3,"featured_media":68326,"comment_status":"closed","ping_status":"open","sticky":false,"template":"","format":"standard","meta":{"footnotes":""},"categories":[1],"tags":[],"class_list":["post-68325","post","type-post","status-publish","format-standard","has-post-thumbnail","hentry","category-allgemein"],"translation":{"provider":"WPGlobus","version":"3.0.2","language":"en","enabled_languages":["de","en"],"languages":{"de":{"title":true,"content":true,"excerpt":false},"en":{"title":false,"content":false,"excerpt":false}}},"_links":{"self":[{"href":"https:\/\/www.spring-reiter.de\/en\/index.php\/wp-json\/wp\/v2\/posts\/68325","targetHints":{"allow":["GET"]}}],"collection":[{"href":"https:\/\/www.spring-reiter.de\/en\/index.php\/wp-json\/wp\/v2\/posts"}],"about":[{"href":"https:\/\/www.spring-reiter.de\/en\/index.php\/wp-json\/wp\/v2\/types\/post"}],"author":[{"embeddable":true,"href":"https:\/\/www.spring-reiter.de\/en\/index.php\/wp-json\/wp\/v2\/users\/3"}],"replies":[{"embeddable":true,"href":"https:\/\/www.spring-reiter.de\/en\/index.php\/wp-json\/wp\/v2\/comments?post=68325"}],"version-history":[{"count":0,"href":"https:\/\/www.spring-reiter.de\/en\/index.php\/wp-json\/wp\/v2\/posts\/68325\/revisions"}],"wp:featuredmedia":[{"embeddable":true,"href":"https:\/\/www.spring-reiter.de\/en\/index.php\/wp-json\/wp\/v2\/media\/68326"}],"wp:attachment":[{"href":"https:\/\/www.spring-reiter.de\/en\/index.php\/wp-json\/wp\/v2\/media?parent=68325"}],"wp:term":[{"taxonomy":"category","embeddable":true,"href":"https:\/\/www.spring-reiter.de\/en\/index.php\/wp-json\/wp\/v2\/categories?post=68325"},{"taxonomy":"post_tag","embeddable":true,"href":"https:\/\/www.spring-reiter.de\/en\/index.php\/wp-json\/wp\/v2\/tags?post=68325"}],"curies":[{"name":"wp","href":"https:\/\/api.w.org\/{rel}","templated":true}]}}