{"id":68351,"date":"2023-12-01T17:40:52","date_gmt":"2023-12-01T16:40:52","guid":{"rendered":"https:\/\/www.spring-reiter.de\/?p=68351"},"modified":"2023-12-01T17:40:56","modified_gmt":"2023-12-01T16:40:56","slug":"hengste-warten-in-klein-offenseth-zum-auftakt-des-1-adventswochenendes","status":"publish","type":"post","link":"https:\/\/www.spring-reiter.de\/en\/index.php\/2023\/12\/01\/hengste-warten-in-klein-offenseth-zum-auftakt-des-1-adventswochenendes\/","title":{"rendered":"Hengste warten in Klein-Offenseth zum Auftakt des 1. Adventswochenendes"},"content":{"rendered":"\n<p>Der Samstagabend am 2. Dezember geh\u00f6rt den Hengsten der Station Maas J. Hell und Dirk Ahlmann: Ab 18 Uhr zeigen sich Hengste beider Station in einer kurzweiligen Pr\u00e4sentation samt einiger Nachkommen in der beheizten Reithalle der renommierten Hengststation Maas J. Hell in Klein Offenseth-Sparrieshoop. Daf\u00fcr reisen sogar Nachkommen des Neuzugangs Accroche von Aljano an. Und &#8211; freuen d\u00fcrfen sich Besucher und Besucherinnen auf Cascadello von Casall aus der Station Ahlmann.\u00a0<\/p>\n\n\n\n<p>Das Programm umfasst 14 Hengste, von den j\u00fcngsten Kandidaten wie den beiden dreij\u00e4hrigen Diacont von Diamant de Semilly aus der Station Hell und Chapeau del Pierre von Casall bis zu bereits arrivierten Vererben mit Nachzucht und sportlichen Erfolgen. Mit Mescal ist auch ein Reitponyhengst im Lot vertreten. Neben den Hengsten selbst sind einige Nachkommen vertreten wie z.B. La Belle Chiara von Central Park. Vorgestellt werden die im Sport und in der Ausbildung befindlichen Hengste von Philipp Schulze und Claudia W\u00e4hling f\u00fcr die Station Maas J. Hell, Hannes und Pheline Ahlmann f\u00fcr die Station Ahlmann (Reher).\u00a0 Im Anschluss wird zu Getr\u00e4nken und Imbiss, zum fachsimpeln, Austausch und fr\u00f6hlichem Adventsauftakt in der vorweihnachtlich dekorierten Halle eingeladen. Zuhause darf &#8220;die K\u00fcche also kalt bleiben\u201d. <\/p>\n\n\n\n<p>Parkpl\u00e4tze stehen ausreichend auf dem beleuchteten Springplatz gegen\u00fcber der Station Hell in der Horster Landstrasse 42 zur Verf\u00fcgung und der Zutritt zur Pr\u00e4sentation ist f\u00fcr alle frei.<\/p>\n","protected":false},"excerpt":{"rendered":"<p>Der Samstagabend am 2. Dezember geh\u00f6rt den Hengsten der Station Maas J. Hell und Dirk Ahlmann: Ab 18 Uhr zeigen sich Hengste beider Station in einer kurzweiligen Pr\u00e4sentation samt einiger Nachkommen in der beheizten Reithalle der renommierten Hengststation Maas J. Hell in Klein Offenseth-Sparrieshoop. Daf\u00fcr reisen sogar Nachkommen des Neuzugangs &hellip; <a class=\"kt-excerpt-readmore\" href=\"https:\/\/www.spring-reiter.de\/en\/index.php\/2023\/12\/01\/hengste-warten-in-klein-offenseth-zum-auftakt-des-1-adventswochenendes\/\" aria-label=\"Hengste warten in Klein-Offenseth zum Auftakt des 1. Adventswochenendes\">Read More<\/a><\/p>\n","protected":false},"author":3,"featured_media":68353,"comment_status":"closed","ping_status":"open","sticky":false,"template":"","format":"standard","meta":{"footnotes":""},"categories":[1],"tags":[],"class_list":["post-68351","post","type-post","status-publish","format-standard","has-post-thumbnail","hentry","category-allgemein"],"translation":{"provider":"WPGlobus","version":"3.0.2","language":"en","enabled_languages":["de","en"],"languages":{"de":{"title":true,"content":true,"excerpt":false},"en":{"title":false,"content":false,"excerpt":false}}},"_links":{"self":[{"href":"https:\/\/www.spring-reiter.de\/en\/index.php\/wp-json\/wp\/v2\/posts\/68351","targetHints":{"allow":["GET"]}}],"collection":[{"href":"https:\/\/www.spring-reiter.de\/en\/index.php\/wp-json\/wp\/v2\/posts"}],"about":[{"href":"https:\/\/www.spring-reiter.de\/en\/index.php\/wp-json\/wp\/v2\/types\/post"}],"author":[{"embeddable":true,"href":"https:\/\/www.spring-reiter.de\/en\/index.php\/wp-json\/wp\/v2\/users\/3"}],"replies":[{"embeddable":true,"href":"https:\/\/www.spring-reiter.de\/en\/index.php\/wp-json\/wp\/v2\/comments?post=68351"}],"version-history":[{"count":0,"href":"https:\/\/www.spring-reiter.de\/en\/index.php\/wp-json\/wp\/v2\/posts\/68351\/revisions"}],"wp:featuredmedia":[{"embeddable":true,"href":"https:\/\/www.spring-reiter.de\/en\/index.php\/wp-json\/wp\/v2\/media\/68353"}],"wp:attachment":[{"href":"https:\/\/www.spring-reiter.de\/en\/index.php\/wp-json\/wp\/v2\/media?parent=68351"}],"wp:term":[{"taxonomy":"category","embeddable":true,"href":"https:\/\/www.spring-reiter.de\/en\/index.php\/wp-json\/wp\/v2\/categories?post=68351"},{"taxonomy":"post_tag","embeddable":true,"href":"https:\/\/www.spring-reiter.de\/en\/index.php\/wp-json\/wp\/v2\/tags?post=68351"}],"curies":[{"name":"wp","href":"https:\/\/api.w.org\/{rel}","templated":true}]}}